{"id":66815,"date":"2025-02-10T20:56:18","date_gmt":"2025-02-10T18:56:18","guid":{"rendered":"https:\/\/orheifm.live\/index.php\/2025\/02\/10\/klaus-iohannis-demisioneaza-din-functia-de-presedinte-al-romaniei-inainte-de-votul-parlamentului-in-mijlocul-protestelor-masive-video\/"},"modified":"2025-02-10T20:56:18","modified_gmt":"2025-02-10T18:56:18","slug":"klaus-iohannis-demisioneaza-din-functia-de-presedinte-al-romaniei-inainte-de-votul-parlamentului-in-mijlocul-protestelor-masive-video","status":"publish","type":"post","link":"https:\/\/orheifm.live\/index.php\/2025\/02\/10\/klaus-iohannis-demisioneaza-din-functia-de-presedinte-al-romaniei-inainte-de-votul-parlamentului-in-mijlocul-protestelor-masive-video\/","title":{"rendered":"Klaus Iohannis demisioneaz\u0103 din func\u021bia de pre\u0219edinte al Rom\u00e2niei \u00eenainte de votul Parlamentului, \u00een mijlocul protestelor masive |VIDEO"},"content":{"rendered":"<div>\n<p><strong>Klaus Iohannis a anun\u021bat c\u0103 va demisiona din func\u021bia de pre\u0219edinte al Rom\u00e2niei. Va p\u0103r\u0103si postul miercuri, 12 februarie. Aceast\u0103 decizie a fost luat\u0103 dup\u0103 ce partidele de opozi\u021bie au depus pentru a treia oar\u0103 o cerere de destituire a lui Iohannis. Se a\u0219tepta ca camerele reunite ale Parlamentului Rom\u00e2niei s\u0103 voteze aceast\u0103 cerere mar\u021bi.<\/strong><br \/>\n<iframe loading=\"lazy\" title=\"YouTube video player\" src=\"https:\/\/www.youtube.com\/embed\/i4E9_OCXilE?si=Nj-gob9MXn2BmH1R\" width=\"560\" height=\"315\" frameborder=\"0\" allowfullscreen=\"allowfullscreen\"><\/iframe><br \/>\nP\u00e2n\u0103 la organizarea alegerilor preziden\u021biale din mai, func\u021bia de pre\u0219edinte al Rom\u00e2niei va fi preluat\u0103 temporar de pre\u0219edintele Senatului, Ilie Bolojan.<\/p>\n<p>Pre\u0219edintele Rom\u00e2niei, Klaus Iohannis, al c\u0103rui mandat preziden\u021bial s-a \u00eencheiat oficial \u00een decembrie anul trecut, a demisionat pentru a nu agrava criza legat\u0103 de func\u021bia de \u0219ef al statului.<\/p>\n<p>KLAUS IOHANNIS, pre\u0219edintele Rom\u00e2niei<\/p>\n<p>Peste pu\u021bine zile, \u00een Parlamentul Rom\u00e2niei se va vota suspendarea mea \u0219i Rom\u00e2nia va intra \u00een criz\u0103. Rom\u00e2nia va intra \u00een criz\u0103 pentru c\u0103 se declan\u0219eaz\u0103 referendumul de demitere a Pre\u0219edintelui.\u00a0 Pentru a scuti Rom\u00e2nia \u0219i pe cet\u0103\u021benii rom\u00e2ni de aceast\u0103 criz\u0103, de aceast\u0103 evolu\u021bie inutil\u0103 \u0219i negativ\u0103, demisionez din func\u021bia de Pre\u0219edinte ale Rom\u00e2niei. Voi pleca din func\u021bie poim\u00e2ine, pe 12<\/p>\n<p>Al doilea \u0219i ultimul mandat al lui Klaus Iohannis s-a \u00eencheiat pe 21 decembrie 2024. Cu toate acestea, din cauza anul\u0103rii alegerilor preziden\u021biale, noul \u0219ef al statului nu a fost ales, iar Curtea Constitu\u021bional\u0103 a Rom\u00e2niei i-a permis lui Iohannis s\u0103 r\u0103m\u00e2n\u0103 \u00een func\u021bia de pre\u0219edinte p\u00e2n\u0103 la alegeri \u0219i la \u00eenvestirea unui nou pre\u0219edinte.<\/p>\n<p>Iohannis a numit aceast\u0103 decizie f\u0103r\u0103 precedent, dar obligatorie pentru to\u021bi. Totu\u0219i, opozi\u021bia, inclusiv partidele \u201eAlian\u021ba pentru Unirea Rom\u00e2nilor\u201d \u0219i Partidul Tineretului, a \u00eenceput \u00een Parlament procesul de demitere a pre\u0219edintelui. Reprezentan\u021bii opozi\u021biei au declarat c\u0103 acesta \u00eencalc\u0103 Constitu\u021bia r\u0103m\u00e2n\u00e2nd \u00een func\u021bie mai mult de dou\u0103 mandate de cinci ani.<\/p>\n<p>Dup\u0103 dou\u0103 \u00eencerc\u0103ri anterioare, c\u00e2nd opozi\u021bia radical\u0103 nu a reu\u0219it s\u0103 adune suficiente semn\u0103turi, a reu\u0219it s\u0103 ob\u021bin\u0103 sprijinul \u201eUniunii Salv\u0103rii Rom\u00e2niei\u201d \u0219i, astfel, s\u0103 adune o treime necesar\u0103 din voturile senatorilor \u0219i deputa\u021bilor. \u00cen total, au fost colectate 178 de semn\u0103turi, fa\u021b\u0103 de cele 155 necesare.<\/p>\n<p>Se a\u0219tepta ca camerele reunite ale Parlamentului Rom\u00e2niei s\u0103 voteze aceast\u0103 cerere mar\u021bi, \u00eens\u0103 Klaus Iohannis nu a a\u0219teptat decizia privind demiterea \u0219i a anun\u021bat c\u0103 pleac\u0103. Pe fondul declara\u021biilor lui Iohannis, au \u00eenceput proteste \u00een Rom\u00e2nia. Oamenii au cerut reluarea celui de-al doilea tur al alegerilor preziden\u021biale \u0219i demisia guvernului Ciolacu.<\/p>\n<p>Jos guvernul mafiot! Jos guvernul mafiot!<br \/>\nTurul doi inapoi!<\/p>\n<p>Potrivit presei rom\u00e2ne, c\u00e2teva sute de sus\u021bin\u0103tori ai candidatului la func\u021bia de pre\u0219edinte, C\u0103lin Georgescu, afl\u00e2nd despre demisia lui Iohannis din func\u021bia de \u0219ef al statului au \u00eencercat s\u0103 sparg\u0103 cordoanele de poli\u021bie din centrul Bucure\u0219tiului, unde avea loc o manifesta\u021bie.<\/p>\n<p>Potrivit Digi24, aproximativ 400 de persoane au participat la ac\u021biune. Sursa mai men\u021bioneaz\u0103 c\u0103 manifestan\u021bii s-au luat la b\u0103taie cu poli\u021bia, iar for\u021bele de ordine au folosit gaz lacrimogen \u00eempotriva demonstran\u021bilor care \u00eencercau s\u0103 treac\u0103 de barierele de protec\u021bie.<br \/>\nConform Europa libera, dup\u0103 ac\u021biunea de protest, \u0219ase persoane au fost re\u021binute, printre care \u0219i un cet\u0103\u021bean polonez.<\/p>\n<\/div>\n","protected":false},"excerpt":{"rendered":"<div><img decoding=\"async\" width=\"696\" height=\"392\" src=\"https:\/\/canal5.md\/wp-content\/uploads\/2025\/02\/b1cfa39e370e8879c3c1948dfa0013d6cc37923a2af2c7ff651bc33de61eb78a-optimized.png\" class=\"attachment-large size-large wp-post-image\" alt=\"\" loading=\"lazy\" srcset=\"https:\/\/canal5.md\/wp-content\/uploads\/2025\/02\/b1cfa39e370e8879c3c1948dfa0013d6cc37923a2af2c7ff651bc33de61eb78a-optimized.png 800w, https:\/\/canal5.md\/wp-content\/uploads\/2025\/02\/b1cfa39e370e8879c3c1948dfa0013d6cc37923a2af2c7ff651bc33de61eb78a-300x169-optimized.png 300w, https:\/\/canal5.md\/wp-content\/uploads\/2025\/02\/b1cfa39e370e8879c3c1948dfa0013d6cc37923a2af2c7ff651bc33de61eb78a-768x432-optimized.png 768w, https:\/\/canal5.md\/wp-content\/uploads\/2025\/02\/b1cfa39e370e8879c3c1948dfa0013d6cc37923a2af2c7ff651bc33de61eb78a-696x392-optimized.png 696w\">Klaus Iohannis a anun\u021bat c\u0103 va demisiona din func\u021bia de pre\u0219edinte al Rom\u00e2niei. Va p\u0103r\u0103si postul miercuri, 12 februarie. Aceast\u0103 decizie a fost luat\u0103 dup\u0103 ce partidele de opozi\u021bie au depus pentru a treia oar\u0103 o cerere de destituire a lui Iohannis. Se a\u0219tepta ca camerele reunite ale Parlamentului Rom\u00e2niei s\u0103 voteze aceast\u0103 cerere mar\u021bi. [\u2026]<\/div>\n","protected":false},"author":1,"featured_media":66816,"comment_status":"closed","ping_status":"closed","sticky":false,"template":"","format":"standard","meta":{"jnews-multi-image_gallery":[],"jnews_single_post":[],"jnews_primary_category":[],"jnews_social_meta":[],"jnews_override_counter":[],"footnotes":""},"categories":[29],"tags":[],"class_list":["post-66815","post","type-post","status-publish","format-standard","has-post-thumbnail","hentry","category-externe_ro"],"_links":{"self":[{"href":"https:\/\/orheifm.live\/index.php\/wp-json\/wp\/v2\/posts\/66815","targetHints":{"allow":["GET"]}}],"collection":[{"href":"https:\/\/orheifm.live\/index.php\/wp-json\/wp\/v2\/posts"}],"about":[{"href":"https:\/\/orheifm.live\/index.php\/wp-json\/wp\/v2\/types\/post"}],"author":[{"embeddable":true,"href":"https:\/\/orheifm.live\/index.php\/wp-json\/wp\/v2\/users\/1"}],"replies":[{"embeddable":true,"href":"https:\/\/orheifm.live\/index.php\/wp-json\/wp\/v2\/comments?post=66815"}],"version-history":[{"count":0,"href":"https:\/\/orheifm.live\/index.php\/wp-json\/wp\/v2\/posts\/66815\/revisions"}],"wp:featuredmedia":[{"embeddable":true,"href":"https:\/\/orheifm.live\/index.php\/wp-json\/wp\/v2\/media\/66816"}],"wp:attachment":[{"href":"https:\/\/orheifm.live\/index.php\/wp-json\/wp\/v2\/media?parent=66815"}],"wp:term":[{"taxonomy":"category","embeddable":true,"href":"https:\/\/orheifm.live\/index.php\/wp-json\/wp\/v2\/categories?post=66815"},{"taxonomy":"post_tag","embeddable":true,"href":"https:\/\/orheifm.live\/index.php\/wp-json\/wp\/v2\/tags?post=66815"}],"curies":[{"name":"wp","href":"https:\/\/api.w.org\/{rel}","templated":true}]}}