{"id":66813,"date":"2025-02-10T20:54:28","date_gmt":"2025-02-10T18:54:28","guid":{"rendered":"https:\/\/orheifm.live\/index.php\/2025\/02\/10\/primarul-din-cricova-si-concubina-sa-verificati-de-ani-pentru-nedeclararea-averii-video\/"},"modified":"2025-02-10T20:54:28","modified_gmt":"2025-02-10T18:54:28","slug":"primarul-din-cricova-si-concubina-sa-verificati-de-ani-pentru-nedeclararea-averii-video","status":"publish","type":"post","link":"https:\/\/orheifm.live\/index.php\/2025\/02\/10\/primarul-din-cricova-si-concubina-sa-verificati-de-ani-pentru-nedeclararea-averii-video\/","title":{"rendered":"Primarul din Cricova \u0219i concubina sa, verifica\u021bi de ANI pentru nedeclararea averii |VIDEO"},"content":{"rendered":"<div>\n<p><strong>Primarul ora\u0219ului Cricova, Victor Slobozianu, din partea MAN, \u0219i concubina sa au ajuns \u00een aten\u021bia Autorit\u0103\u021bii Na\u021bionale de Integritate din cauza unei posibile nedeclar\u0103ri corecte a averii. <\/strong><br \/>\n<iframe loading=\"lazy\" title=\"YouTube video player\" src=\"https:\/\/www.youtube.com\/embed\/at7v7Unp7J8?si=8HDx4tzITuo45qrZ\" width=\"560\" height=\"315\" frameborder=\"0\" allowfullscreen=\"allowfullscreen\"><\/iframe><br \/>\nConform unui comunicat, ace\u0219tia ar fi dob\u00e2ndit mai multe bunuri mobile \u0219i imobile \u00eentr-o perioad\u0103 \u00een care aveau obliga\u021bia de a-\u0219i declara veniturile.<\/p>\n<p>ANI subliniaz\u0103 c\u0103 verificarea cheltuielilor poate fi realizat\u0103 doar printr-un control al averii \u0219i intereselor personale. Contactat de Canal 5, Slobozianu a afirmat c\u0103 ANI are dreptul s\u0103 \u00ee\u0219i \u00eendeplineasc\u0103 atribu\u021biile de control.<\/p>\n<p>Men\u021bion\u0103m c\u0103, Victor Slobozianu a fost ales primar al ora\u0219ului Cricova \u00een cadrul alegerilor locale din 2023.<\/p>\n<p>VICTOR SLOBOZIANU, primarul ora\u0219ului Cricova<\/p>\n<p>\u2013 Tot am declarat, ei o s\u0103 fac\u0103 controlul \u0219i o s\u0103 vad\u0103, o s\u0103 le aducem argumente. Care-i problema? Eu am un an de zile de c\u00e2nd sunt primar, eu nu v\u0103d o problem\u0103. Acesta este dreptul lor s\u0103 fac\u0103 control, ce putem s\u0103 facem?<\/p>\n<p>\u2013 Dar dvs preciza\u021bi c\u0103 a\u021bi indicat absolut tot \u0219i corect, da? \u00eempreun\u0103 cu concubina dvs?<\/p>\n<p>\u2013 Noi am indicat absolut tot.<\/p>\n<\/div>\n","protected":false},"excerpt":{"rendered":"<div><img loading=\"lazy\" decoding=\"async\" width=\"696\" height=\"349\" src=\"https:\/\/canal5.md\/wp-content\/uploads\/2025\/02\/blob-4-1-1024x513-optimized.jpg\" class=\"attachment-large size-large wp-post-image\" alt=\"\" srcset=\"https:\/\/canal5.md\/wp-content\/uploads\/2025\/02\/blob-4-1-1024x513-optimized.jpg 1024w, https:\/\/canal5.md\/wp-content\/uploads\/2025\/02\/blob-4-1-300x150-optimized.jpg 300w, https:\/\/canal5.md\/wp-content\/uploads\/2025\/02\/blob-4-1-768x385-optimized.jpg 768w, https:\/\/canal5.md\/wp-content\/uploads\/2025\/02\/blob-4-1-696x349-optimized.jpg 696w, https:\/\/canal5.md\/wp-content\/uploads\/2025\/02\/blob-4-1-1068x535-optimized.jpg 1068w, https:\/\/canal5.md\/wp-content\/uploads\/2025\/02\/blob-4-1-optimized.jpg 1131w\">Primarul ora\u0219ului Cricova, Victor Slobozianu, din partea MAN, \u0219i concubina sa au ajuns \u00een aten\u021bia Autorit\u0103\u021bii Na\u021bionale de Integritate din cauza unei posibile nedeclar\u0103ri corecte a averii. Conform unui comunicat, ace\u0219tia ar fi dob\u00e2ndit mai multe bunuri mobile \u0219i imobile \u00eentr-o perioad\u0103 \u00een care aveau obliga\u021bia de a-\u0219i declara veniturile. ANI subliniaz\u0103 c\u0103 verificarea cheltuielilor [\u2026]<\/div>\n","protected":false},"author":1,"featured_media":66814,"comment_status":"closed","ping_status":"closed","sticky":false,"template":"","format":"standard","meta":{"jnews-multi-image_gallery":[],"jnews_single_post":[],"jnews_primary_category":[],"jnews_social_meta":[],"jnews_override_counter":[],"footnotes":""},"categories":[30],"tags":[],"class_list":["post-66813","post","type-post","status-publish","format-standard","has-post-thumbnail","hentry","category-social_ro"],"_links":{"self":[{"href":"https:\/\/orheifm.live\/index.php\/wp-json\/wp\/v2\/posts\/66813","targetHints":{"allow":["GET"]}}],"collection":[{"href":"https:\/\/orheifm.live\/index.php\/wp-json\/wp\/v2\/posts"}],"about":[{"href":"https:\/\/orheifm.live\/index.php\/wp-json\/wp\/v2\/types\/post"}],"author":[{"embeddable":true,"href":"https:\/\/orheifm.live\/index.php\/wp-json\/wp\/v2\/users\/1"}],"replies":[{"embeddable":true,"href":"https:\/\/orheifm.live\/index.php\/wp-json\/wp\/v2\/comments?post=66813"}],"version-history":[{"count":0,"href":"https:\/\/orheifm.live\/index.php\/wp-json\/wp\/v2\/posts\/66813\/revisions"}],"wp:featuredmedia":[{"embeddable":true,"href":"https:\/\/orheifm.live\/index.php\/wp-json\/wp\/v2\/media\/66814"}],"wp:attachment":[{"href":"https:\/\/orheifm.live\/index.php\/wp-json\/wp\/v2\/media?parent=66813"}],"wp:term":[{"taxonomy":"category","embeddable":true,"href":"https:\/\/orheifm.live\/index.php\/wp-json\/wp\/v2\/categories?post=66813"},{"taxonomy":"post_tag","embeddable":true,"href":"https:\/\/orheifm.live\/index.php\/wp-json\/wp\/v2\/tags?post=66813"}],"curies":[{"name":"wp","href":"https:\/\/api.w.org\/{rel}","templated":true}]}}