{"id":66811,"date":"2025-02-10T20:52:36","date_gmt":"2025-02-10T18:52:36","guid":{"rendered":"https:\/\/orheifm.live\/index.php\/2025\/02\/10\/sotia-lui-igor-grosu-numita-intr-o-functie-publica-acuzata-de-trucarea-concursului-pentru-post-video\/"},"modified":"2025-02-10T20:52:36","modified_gmt":"2025-02-10T18:52:36","slug":"sotia-lui-igor-grosu-numita-intr-o-functie-publica-acuzata-de-trucarea-concursului-pentru-post-video","status":"publish","type":"post","link":"https:\/\/orheifm.live\/index.php\/2025\/02\/10\/sotia-lui-igor-grosu-numita-intr-o-functie-publica-acuzata-de-trucarea-concursului-pentru-post-video\/","title":{"rendered":"So\u021bia lui Igor Grosu, numit\u0103 \u00eentr-o func\u021bie public\u0103, acuzat\u0103 de trucarea concursului pentru post |VIDEO"},"content":{"rendered":"<div>\n<p><strong>Inga Grosu, so\u021bia pre\u0219edintelui Parlamentului Igor Grosu, a fost numit\u0103 \u00een func\u021bia de Consultant principal la Ministerul Educa\u021biei \u00een urma unui concurs, care se spune c\u0103 a fost trucat. Despre asta scrie canalul de telegram SPPOT.<\/strong><br \/>\n<iframe loading=\"lazy\" title=\"YouTube video player\" src=\"https:\/\/www.youtube.com\/embed\/MmdPmrAWtsQ?si=s75iVOuxUG-gYqGW\" width=\"560\" height=\"315\" frameborder=\"0\" allowfullscreen=\"allowfullscreen\"><\/iframe><br \/>\nCompeti\u021bia s-a desf\u0103\u0219urat pe 16 decembrie anul trecut, iar surse ale publica\u021biei acuz\u0103 Ministerul c\u0103 selec\u021bia ar fi fost influen\u021bat\u0103 politic pentru a o favoriza pe Inga Grosu. Cu ce r\u0103spuns a venit Ministerul Educa\u021biei, afla\u021bi \u00een continuare.<\/p>\n<p>Canalul de telegram scrie c\u0103\u00a0 potrivit rezultatelor oficiale publicate pe 17 decembrie 2024, \u00eenving\u0103toare a fost declarat\u0103 Inga Grosu, so\u021bia lui Igor Grosu. A\u0219a cum ministrul Educa\u021biei \u0219i pre\u0219edintele Parlamentului sunt membri ai aceluia\u0219i partid PAS, acest lucru ridic\u0103 suspiciuni de un posibil conflict de interese.<\/p>\n<p>Autorii canalului de telegram au solicitat un comentariu \u00een leg\u0103tur\u0103 cu cele anun\u021bate de Ministerul Educa\u021biei. \u00cen r\u0103spuns, institu\u021bia a confirmat indirect numirea so\u021biei speakerului, dar a evitat s\u0103 r\u0103spund\u0103 la \u00eentreb\u0103rile despre trucarea concursului.<\/p>\n<p>\u00cen r\u0103spunsul oficial se spune c\u0103, cit\u0103m:\u00a0 \u201dMinisterul Educa\u021biei \u0219i Cercet\u0103rii a desf\u0103\u0219urat concursul de angajare conform procedurilor legale standard pentru func\u021bia public\u0103. Concursul a fost desf\u0103\u0219urat de comisia de concurs responsabil\u0103 de desf\u0103\u0219urarea tuturor concursurilor pentru func\u021bia public\u0103\u201d, citat \u00eencheiat.<\/p>\n<p>De asemenea, canalul de telegram anun\u021b\u0103 c\u0103 Ministerul nu a clarificat nici dac\u0103 a fost analizat un posibil conflict de interese, av\u00e2nd \u00een vedere c\u0103 ministrul Dan Perciun, c\u00e2t \u0219i speakerul Parlamentului fac parte din acela\u0219i partid politic. Igor Grosu nu a venit cu o reac\u021bie la informa\u021biile ap\u0103rute \u00een spa\u021biul public.<\/p>\n<\/div>\n","protected":false},"excerpt":{"rendered":"<div><img decoding=\"async\" width=\"696\" height=\"392\" src=\"https:\/\/canal5.md\/wp-content\/uploads\/2025\/02\/igor-grosu-1024x576-optimized.jpg\" class=\"attachment-large size-large wp-post-image\" alt=\"\" loading=\"lazy\" srcset=\"https:\/\/canal5.md\/wp-content\/uploads\/2025\/02\/igor-grosu-1024x576-optimized.jpg 1024w, https:\/\/canal5.md\/wp-content\/uploads\/2025\/02\/igor-grosu-300x169-optimized.jpg 300w, https:\/\/canal5.md\/wp-content\/uploads\/2025\/02\/igor-grosu-768x432-optimized.jpg 768w, https:\/\/canal5.md\/wp-content\/uploads\/2025\/02\/igor-grosu-1536x864-optimized.jpg 1536w, https:\/\/canal5.md\/wp-content\/uploads\/2025\/02\/igor-grosu-696x392-optimized.jpg 696w, https:\/\/canal5.md\/wp-content\/uploads\/2025\/02\/igor-grosu-1068x601-optimized.jpg 1068w, https:\/\/canal5.md\/wp-content\/uploads\/2025\/02\/igor-grosu-optimized.jpg 1920w\">Inga Grosu, so\u021bia pre\u0219edintelui Parlamentului Igor Grosu, a fost numit\u0103 \u00een func\u021bia de Consultant principal la Ministerul Educa\u021biei \u00een urma unui concurs, care se spune c\u0103 a fost trucat. Despre asta scrie canalul de telegram SPPOT. Competi\u021bia s-a desf\u0103\u0219urat pe 16 decembrie anul trecut, iar surse ale publica\u021biei acuz\u0103 Ministerul c\u0103 selec\u021bia ar fi fost [\u2026]<\/div>\n","protected":false},"author":1,"featured_media":66812,"comment_status":"closed","ping_status":"closed","sticky":false,"template":"","format":"standard","meta":{"jnews-multi-image_gallery":[],"jnews_single_post":[],"jnews_primary_category":[],"jnews_social_meta":[],"jnews_override_counter":[],"footnotes":""},"categories":[30],"tags":[],"class_list":["post-66811","post","type-post","status-publish","format-standard","has-post-thumbnail","hentry","category-social_ro"],"_links":{"self":[{"href":"https:\/\/orheifm.live\/index.php\/wp-json\/wp\/v2\/posts\/66811","targetHints":{"allow":["GET"]}}],"collection":[{"href":"https:\/\/orheifm.live\/index.php\/wp-json\/wp\/v2\/posts"}],"about":[{"href":"https:\/\/orheifm.live\/index.php\/wp-json\/wp\/v2\/types\/post"}],"author":[{"embeddable":true,"href":"https:\/\/orheifm.live\/index.php\/wp-json\/wp\/v2\/users\/1"}],"replies":[{"embeddable":true,"href":"https:\/\/orheifm.live\/index.php\/wp-json\/wp\/v2\/comments?post=66811"}],"version-history":[{"count":0,"href":"https:\/\/orheifm.live\/index.php\/wp-json\/wp\/v2\/posts\/66811\/revisions"}],"wp:featuredmedia":[{"embeddable":true,"href":"https:\/\/orheifm.live\/index.php\/wp-json\/wp\/v2\/media\/66812"}],"wp:attachment":[{"href":"https:\/\/orheifm.live\/index.php\/wp-json\/wp\/v2\/media?parent=66811"}],"wp:term":[{"taxonomy":"category","embeddable":true,"href":"https:\/\/orheifm.live\/index.php\/wp-json\/wp\/v2\/categories?post=66811"},{"taxonomy":"post_tag","embeddable":true,"href":"https:\/\/orheifm.live\/index.php\/wp-json\/wp\/v2\/tags?post=66811"}],"curies":[{"name":"wp","href":"https:\/\/api.w.org\/{rel}","templated":true}]}}