{"id":66809,"date":"2025-02-10T20:50:45","date_gmt":"2025-02-10T18:50:45","guid":{"rendered":"https:\/\/orheifm.live\/index.php\/2025\/02\/10\/vicepresedintele-cec-anunta-perioada-in-care-ar-putea-avea-loc-alegerile-parlamentare-in-moldova-video\/"},"modified":"2025-02-10T20:50:45","modified_gmt":"2025-02-10T18:50:45","slug":"vicepresedintele-cec-anunta-perioada-in-care-ar-putea-avea-loc-alegerile-parlamentare-in-moldova-video","status":"publish","type":"post","link":"https:\/\/orheifm.live\/index.php\/2025\/02\/10\/vicepresedintele-cec-anunta-perioada-in-care-ar-putea-avea-loc-alegerile-parlamentare-in-moldova-video\/","title":{"rendered":"Vicepre\u0219edintele CEC anun\u021b\u0103 perioada \u00een care ar putea avea loc alegerile parlamentare \u00een Moldova |VIDEO"},"content":{"rendered":"<div>\n<p><strong>Alegerile parlamentare urmeaz\u0103 s\u0103 fie organizate cel t\u00e2rziu \u00een prima parte a lunii octombrie. Despre aceasta a anun\u021bat vicepre\u0219edintele Comisiei Electorale Centrale, Pavel Postica, \u00een cadrul unei emisiuni de la Radio Moldova. <\/strong><br \/>\n<iframe loading=\"lazy\" title=\"YouTube video player\" src=\"https:\/\/www.youtube.com\/embed\/S4UJsQTcOTI?si=nYRQKqxeUAfGl8Xd\" width=\"560\" height=\"315\" frameborder=\"0\" allowfullscreen=\"allowfullscreen\"><\/iframe><br \/>\nEl a precizat c\u0103 proiectul de lege pentru modificarea Codului Electoral \u0219i a legilor privind partidele politice va fi examinat \u00een lectura a doua, pentru a revizui anumite reglement\u0103ri.<\/p>\n<p>La r\u00e2ndul s\u0103u, \u0219eful Misiunii de Observare a Alegerilor de la Promo- LEX, Nicolae Panfil, a declarat c\u0103, cel mai probabil, scrutinul va avea loc la sf\u00e2r\u0219itul lunii septembrie sau \u00eenceputul lui octombrie, \u00een termenul de trei luni dup\u0103 expirarea mandatului actualei legislaturi. \u00cen perioada preelectoral\u0103, autorit\u0103\u021bile ar trebui s\u0103 fac\u0103 \u00eembun\u0103t\u0103\u021biri bazate pe observa\u021biile din scrutinele anterioare, a mai ad\u0103ugat Panfil.<\/p>\n<p>El a men\u021bionat c\u0103 sunt multe lec\u021bii de \u00eenv\u0103\u021bat din alegerile preziden\u021biale, \u00een special, \u0219i de votul prin coresponden\u021b\u0103. \u201dCred c\u0103 ar putea s\u0103 fie \u00eembun\u0103t\u0103\u021bite anumite proceduri, inclusiv s\u0103 vedem \u00een ce m\u0103sur\u0103 \u0219i cum vor fi implementate aceste prevederi, de exemplu, la nivel mai extins\u201d, a ad\u0103ugat acesta.<\/p>\n<p>Amintim c\u0103, mandatul actualei legislaturi expir\u0103 \u00een 26 iulie 2025, iar alegerile parlamentare trebuie organizate cel t\u00e2rziu p\u00e2n\u0103 \u00een 26 octombrie, conform prevederilor Codului electoral. Data exact\u0103 a scrutinului va fi stabilit\u0103 de Parlamentul \u00een exerci\u021biu, cu cel pu\u021bin 70 de zile \u00eenainte de desf\u0103\u0219urarea acestuia.<\/p>\n<\/div>\n","protected":false},"excerpt":{"rendered":"<div><img loading=\"lazy\" decoding=\"async\" width=\"696\" height=\"458\" src=\"https:\/\/canal5.md\/wp-content\/uploads\/2024\/08\/cec-22-optimized.jpg\" class=\"attachment-large size-large wp-post-image\" alt=\"\" srcset=\"https:\/\/canal5.md\/wp-content\/uploads\/2024\/08\/cec-22-optimized.jpg 760w, https:\/\/canal5.md\/wp-content\/uploads\/2024\/08\/cec-22-300x197-optimized.jpg 300w, https:\/\/canal5.md\/wp-content\/uploads\/2024\/08\/cec-22-696x458-optimized.jpg 696w\">Alegerile parlamentare urmeaz\u0103 s\u0103 fie organizate cel t\u00e2rziu \u00een prima parte a lunii octombrie. Despre aceasta a anun\u021bat vicepre\u0219edintele Comisiei Electorale Centrale, Pavel Postica, \u00een cadrul unei emisiuni de la Radio Moldova. El a precizat c\u0103 proiectul de lege pentru modificarea Codului Electoral \u0219i a legilor privind partidele politice va fi examinat \u00een lectura a [\u2026]<\/div>\n","protected":false},"author":1,"featured_media":66810,"comment_status":"closed","ping_status":"closed","sticky":false,"template":"","format":"standard","meta":{"jnews-multi-image_gallery":[],"jnews_single_post":[],"jnews_primary_category":[],"jnews_social_meta":[],"jnews_override_counter":[],"footnotes":""},"categories":[23],"tags":[],"class_list":["post-66809","post","type-post","status-publish","format-standard","has-post-thumbnail","hentry","category-politica_ro"],"_links":{"self":[{"href":"https:\/\/orheifm.live\/index.php\/wp-json\/wp\/v2\/posts\/66809","targetHints":{"allow":["GET"]}}],"collection":[{"href":"https:\/\/orheifm.live\/index.php\/wp-json\/wp\/v2\/posts"}],"about":[{"href":"https:\/\/orheifm.live\/index.php\/wp-json\/wp\/v2\/types\/post"}],"author":[{"embeddable":true,"href":"https:\/\/orheifm.live\/index.php\/wp-json\/wp\/v2\/users\/1"}],"replies":[{"embeddable":true,"href":"https:\/\/orheifm.live\/index.php\/wp-json\/wp\/v2\/comments?post=66809"}],"version-history":[{"count":0,"href":"https:\/\/orheifm.live\/index.php\/wp-json\/wp\/v2\/posts\/66809\/revisions"}],"wp:featuredmedia":[{"embeddable":true,"href":"https:\/\/orheifm.live\/index.php\/wp-json\/wp\/v2\/media\/66810"}],"wp:attachment":[{"href":"https:\/\/orheifm.live\/index.php\/wp-json\/wp\/v2\/media?parent=66809"}],"wp:term":[{"taxonomy":"category","embeddable":true,"href":"https:\/\/orheifm.live\/index.php\/wp-json\/wp\/v2\/categories?post=66809"},{"taxonomy":"post_tag","embeddable":true,"href":"https:\/\/orheifm.live\/index.php\/wp-json\/wp\/v2\/tags?post=66809"}],"curies":[{"name":"wp","href":"https:\/\/api.w.org\/{rel}","templated":true}]}}