{"id":66772,"date":"2025-02-10T14:00:07","date_gmt":"2025-02-10T12:00:07","guid":{"rendered":"https:\/\/orheifm.live\/index.php\/2025\/02\/10\/tanar-de-29-de-ani-condamnat-la-16-ani-de-inchisoare-pentru-viol\/"},"modified":"2025-02-10T14:00:07","modified_gmt":"2025-02-10T12:00:07","slug":"tanar-de-29-de-ani-condamnat-la-16-ani-de-inchisoare-pentru-viol","status":"publish","type":"post","link":"https:\/\/orheifm.live\/index.php\/2025\/02\/10\/tanar-de-29-de-ani-condamnat-la-16-ani-de-inchisoare-pentru-viol\/","title":{"rendered":"T\u00e2n\u0103r de 29 de ani, condamnat la 16 ani de \u00eenchisoare pentru viol"},"content":{"rendered":"<div>\n<p data-sourcepos=\"1:1-1:430\"><strong>Un t\u00e2n\u0103r de 29 de ani a fost condamnat la 16 ani de \u00eenchisoare pentru violarea unei fete de 12 ani.<\/strong> Fapta a avut loc pe 14 ianuarie 2024, \u00een locuin\u021ba surorii inculpatului.<\/p>\n<p data-sourcepos=\"1:1-1:430\">Acesta a fost g\u0103sit vinovat \u0219i condamnat la \u00eenchisoare \u00eentr-un penitenciar de tip \u00eenchis. Sentin\u021ba nu este definitiv\u0103 \u0219i poate fi atacat\u0103 la Curtea de Apel Nord.<\/p>\n<p data-sourcepos=\"1:1-1:430\">Procuratura General\u0103 a reamintit c\u0103 orice act sexual cu un minor sub 16 ani este pedepsit penal.<\/p>\n<\/div>\n","protected":false},"excerpt":{"rendered":"<div><img loading=\"lazy\" decoding=\"async\" width=\"629\" height=\"354\" src=\"https:\/\/canal5.md\/wp-content\/uploads\/2025\/02\/c133d2508c6d3f0c9e2e360e03d1a33d-optimized.jpg\" class=\"attachment-large size-large wp-post-image\" alt=\"\" srcset=\"https:\/\/canal5.md\/wp-content\/uploads\/2025\/02\/c133d2508c6d3f0c9e2e360e03d1a33d-optimized.jpg 629w, https:\/\/canal5.md\/wp-content\/uploads\/2025\/02\/c133d2508c6d3f0c9e2e360e03d1a33d-300x169-optimized.jpg 300w\">Un t\u00e2n\u0103r de 29 de ani a fost condamnat la 16 ani de \u00eenchisoare pentru violarea unei fete de 12 ani. Fapta a avut loc pe 14 ianuarie 2024, \u00een locuin\u021ba surorii inculpatului. Acesta a fost g\u0103sit vinovat \u0219i condamnat la \u00eenchisoare \u00eentr-un penitenciar de tip \u00eenchis. Sentin\u021ba nu este definitiv\u0103 \u0219i poate fi atacat\u0103 [\u2026]<\/div>\n","protected":false},"author":1,"featured_media":66773,"comment_status":"closed","ping_status":"closed","sticky":false,"template":"","format":"standard","meta":{"jnews-multi-image_gallery":[],"jnews_single_post":[],"jnews_primary_category":[],"jnews_social_meta":[],"jnews_override_counter":[],"footnotes":""},"categories":[30],"tags":[],"class_list":["post-66772","post","type-post","status-publish","format-standard","has-post-thumbnail","hentry","category-social_ro"],"_links":{"self":[{"href":"https:\/\/orheifm.live\/index.php\/wp-json\/wp\/v2\/posts\/66772","targetHints":{"allow":["GET"]}}],"collection":[{"href":"https:\/\/orheifm.live\/index.php\/wp-json\/wp\/v2\/posts"}],"about":[{"href":"https:\/\/orheifm.live\/index.php\/wp-json\/wp\/v2\/types\/post"}],"author":[{"embeddable":true,"href":"https:\/\/orheifm.live\/index.php\/wp-json\/wp\/v2\/users\/1"}],"replies":[{"embeddable":true,"href":"https:\/\/orheifm.live\/index.php\/wp-json\/wp\/v2\/comments?post=66772"}],"version-history":[{"count":0,"href":"https:\/\/orheifm.live\/index.php\/wp-json\/wp\/v2\/posts\/66772\/revisions"}],"wp:featuredmedia":[{"embeddable":true,"href":"https:\/\/orheifm.live\/index.php\/wp-json\/wp\/v2\/media\/66773"}],"wp:attachment":[{"href":"https:\/\/orheifm.live\/index.php\/wp-json\/wp\/v2\/media?parent=66772"}],"wp:term":[{"taxonomy":"category","embeddable":true,"href":"https:\/\/orheifm.live\/index.php\/wp-json\/wp\/v2\/categories?post=66772"},{"taxonomy":"post_tag","embeddable":true,"href":"https:\/\/orheifm.live\/index.php\/wp-json\/wp\/v2\/tags?post=66772"}],"curies":[{"name":"wp","href":"https:\/\/api.w.org\/{rel}","templated":true}]}}