{"id":66647,"date":"2025-02-07T20:15:09","date_gmt":"2025-02-07T18:15:09","guid":{"rendered":"https:\/\/orheifm.live\/index.php\/2025\/02\/07\/anesteziologa-ecaterina-maniuc-retinuta-in-legatura-cu-decesul-unei-femei-de-afaceri-iar-irina-borodkina-implicata-in-contrabanda-cu-medicamente\/"},"modified":"2025-02-07T20:15:09","modified_gmt":"2025-02-07T18:15:09","slug":"anesteziologa-ecaterina-maniuc-retinuta-in-legatura-cu-decesul-unei-femei-de-afaceri-iar-irina-borodkina-implicata-in-contrabanda-cu-medicamente","status":"publish","type":"post","link":"https:\/\/orheifm.live\/index.php\/2025\/02\/07\/anesteziologa-ecaterina-maniuc-retinuta-in-legatura-cu-decesul-unei-femei-de-afaceri-iar-irina-borodkina-implicata-in-contrabanda-cu-medicamente\/","title":{"rendered":"Anesteziologa Ecaterina Maniuc re\u021binut\u0103 \u00een leg\u0103tur\u0103 cu decesul unei femei de afaceri, iar Irina Borodkina, implicat\u0103 \u00een contraband\u0103 cu medicamente"},"content":{"rendered":"<div>\n<p><strong>\u203cULTIMA OR\u0102 Ecaterina Maniuc, anesteziologa implicat\u0103 \u00een cazul decesului unei femei de afaceri, a fost re\u021binut\u0103. Informa\u021bia a fost confirmat\u0103 pentru TV8 de Procuratura General\u0103. Aceasta are statut de b\u0103nuit.<\/strong><\/p>\n<p>Irina Borodkina, proprietara salonului unde a murit o femeie de afaceri, a fost anterior vizat\u0103 \u00eentr-un dosar de contraband\u0103 cu medicamente. Mai exact, \u00een 2022, femeia a fost prins\u0103 la vama<\/p>\n<p>Palanca cu m\u0103rfurile de peste 1,59 milioane de lei. Aceasta le-a spus vame\u0219ilor c\u0103 voia s\u0103 le duc\u0103 \u00een Ucraina pentru a ajuta persoanele afectate de r\u0103zboi. De\u0219i risca ini\u021bial de la 4 la 10 ani de \u00eenchisoare, Borodkina a sc\u0103pat basma curat\u0103.<br \/>\nIrina Borodkina a fost prins\u0103 cu medicamentele, f\u0103r\u0103 acte de provenien\u021b\u0103, pe 12 mai 2022, pe sensul de ie\u0219ire a v\u0103mii Palanca.<\/p>\n<p>\u00cen fa\u021ba instan\u021bei, femeia a pledat nevinovat\u0103. Ea a povestit c\u0103, la \u00eenceputul r\u0103zboiului, s-a mutat \u00een Republica Moldova, iar p\u0103rin\u021bii ei au r\u0103mas \u00een Ucraina. C\u00e2nd mergea \u00een vizit\u0103, le spunea cunoscu\u021bilor c\u0103 poate aduce ajutoare umanitare.<\/p>\n<p>La un moment dat, o persoan\u0103 i-a cerut s\u0103 transporte medicamente pentru cei afecta\u021bi de r\u0103zboi. Femeia a primit medicamentele \u00eentr-o parcare, f\u0103r\u0103 s\u0103 \u0219tie cine era persoana care i le-a dat. La vam\u0103, a declarat ce transporta, iar medicamentele i-au fost confiscate.<br \/>\nUlterior, \u0219i-a continuat drumul spre Odesa.<\/p>\n<p>De\u0219i ini\u021bial a fost deschis\u0103 o anchet\u0103 penal\u0103, ea a fost eliberat\u0103 de acuza\u021bii din cauza lipsei de dovezi. Ulterior, a fost cercetat\u0103 contraven\u021bional pentru transportul m\u0103rfurilor f\u0103r\u0103 acte de provenien\u021b\u0103.<\/p>\n<p>Pe 2 septembrie 2024, Borodkina a fost declarat\u0103 vinovat\u0103, dar nu mai trebuia s\u0103 pl\u0103teasc\u0103 amend\u0103, fiindc\u0103 a expirat termenul de prescrip\u021bie pentru tragerea la r\u0103spundere. Medicamentele au fost confiscate \u0219i trecute \u00een proprietatea statului.<\/p>\n<p>\u00a0<\/p>\n<\/div>\n","protected":false},"excerpt":{"rendered":"<div><img loading=\"lazy\" decoding=\"async\" width=\"696\" height=\"392\" src=\"https:\/\/canal5.md\/wp-content\/uploads\/2025\/02\/35815aae2031dbfaae5ba9445fb61b77dc72ee1b46c4dc93ae85675d7f1aadad-optimized.png\" class=\"attachment-large size-large wp-post-image\" alt=\"\" srcset=\"https:\/\/canal5.md\/wp-content\/uploads\/2025\/02\/35815aae2031dbfaae5ba9445fb61b77dc72ee1b46c4dc93ae85675d7f1aadad-optimized.png 800w, https:\/\/canal5.md\/wp-content\/uploads\/2025\/02\/35815aae2031dbfaae5ba9445fb61b77dc72ee1b46c4dc93ae85675d7f1aadad-300x169-optimized.png 300w, https:\/\/canal5.md\/wp-content\/uploads\/2025\/02\/35815aae2031dbfaae5ba9445fb61b77dc72ee1b46c4dc93ae85675d7f1aadad-768x432-optimized.png 768w, https:\/\/canal5.md\/wp-content\/uploads\/2025\/02\/35815aae2031dbfaae5ba9445fb61b77dc72ee1b46c4dc93ae85675d7f1aadad-696x392-optimized.png 696w\">\u203cULTIMA OR\u0102 Ecaterina Maniuc, anesteziologa implicat\u0103 \u00een cazul decesului unei femei de afaceri, a fost re\u021binut\u0103. Informa\u021bia a fost confirmat\u0103 pentru TV8 de Procuratura General\u0103. Aceasta are statut de b\u0103nuit. Irina Borodkina, proprietara salonului unde a murit o femeie de afaceri, a fost anterior vizat\u0103 \u00eentr-un dosar de contraband\u0103 cu medicamente. Mai exact, \u00een 2022, [\u2026]<\/div>\n","protected":false},"author":1,"featured_media":66648,"comment_status":"closed","ping_status":"closed","sticky":false,"template":"","format":"standard","meta":{"jnews-multi-image_gallery":[],"jnews_single_post":[],"jnews_primary_category":[],"jnews_social_meta":[],"jnews_override_counter":[],"footnotes":""},"categories":[30],"tags":[],"class_list":["post-66647","post","type-post","status-publish","format-standard","has-post-thumbnail","hentry","category-social_ro"],"_links":{"self":[{"href":"https:\/\/orheifm.live\/index.php\/wp-json\/wp\/v2\/posts\/66647","targetHints":{"allow":["GET"]}}],"collection":[{"href":"https:\/\/orheifm.live\/index.php\/wp-json\/wp\/v2\/posts"}],"about":[{"href":"https:\/\/orheifm.live\/index.php\/wp-json\/wp\/v2\/types\/post"}],"author":[{"embeddable":true,"href":"https:\/\/orheifm.live\/index.php\/wp-json\/wp\/v2\/users\/1"}],"replies":[{"embeddable":true,"href":"https:\/\/orheifm.live\/index.php\/wp-json\/wp\/v2\/comments?post=66647"}],"version-history":[{"count":0,"href":"https:\/\/orheifm.live\/index.php\/wp-json\/wp\/v2\/posts\/66647\/revisions"}],"wp:featuredmedia":[{"embeddable":true,"href":"https:\/\/orheifm.live\/index.php\/wp-json\/wp\/v2\/media\/66648"}],"wp:attachment":[{"href":"https:\/\/orheifm.live\/index.php\/wp-json\/wp\/v2\/media?parent=66647"}],"wp:term":[{"taxonomy":"category","embeddable":true,"href":"https:\/\/orheifm.live\/index.php\/wp-json\/wp\/v2\/categories?post=66647"},{"taxonomy":"post_tag","embeddable":true,"href":"https:\/\/orheifm.live\/index.php\/wp-json\/wp\/v2\/tags?post=66647"}],"curies":[{"name":"wp","href":"https:\/\/api.w.org\/{rel}","templated":true}]}}