{"id":66645,"date":"2025-02-07T18:00:24","date_gmt":"2025-02-07T16:00:24","guid":{"rendered":"https:\/\/orheifm.live\/index.php\/2025\/02\/07\/alerta-falsa-cu-bomba-barbat-condamnat-la-35-ani-de-inchisoare\/"},"modified":"2025-02-07T18:00:24","modified_gmt":"2025-02-07T16:00:24","slug":"alerta-falsa-cu-bomba-barbat-condamnat-la-35-ani-de-inchisoare","status":"publish","type":"post","link":"https:\/\/orheifm.live\/index.php\/2025\/02\/07\/alerta-falsa-cu-bomba-barbat-condamnat-la-35-ani-de-inchisoare\/","title":{"rendered":"Alert\u0103 fals\u0103 cu bomb\u0103: b\u0103rbat condamnat la 3,5 ani de \u00eenchisoare"},"content":{"rendered":"<div>\n<p><strong>Autorul mai multor alerte false cu bomb\u0103 a fost condamnat la trei ani \u0219i jum\u0103tate de \u00eenchisoare de c\u0103tre prima instan\u021b\u0103. Sentin\u021ba a fost pronun\u021bat\u0103 pe 4 februarie de judec\u0103toarea Aliona Postu, care l-a obligat pe condamnat s\u0103 nu p\u0103r\u0103seasc\u0103 Republica Moldova. \u00cen perioada octombrie-noiembrie 2022, inculpatul a efectuat nou\u0103 apeluri false la Serviciul 112, anun\u021b\u00e2nd minarea unor institu\u021bii precum judec\u0103torii, \u0219coli \u0219i centre comerciale.<\/strong><\/p>\n<p>De fiecare dat\u0103, echipele specializate \u00een tehnica exploziv\u0103 \u0219i c\u00e2inii detectori au cercetat zonele vizate, dar nu au g\u0103sit niciun dispozitiv exploziv. \u00cen 3 noiembrie 2022, el a anun\u021bat c\u0103 Centrul Comercial Gemeni era minat, dar acest lucru s-a dovedit a fi fals.<\/p>\n<p>La reexaminarea cazului, procurorul \u0219i avocatul au cerut \u00eencetarea procesului din cauza termenului de prescrip\u021bie, dar cererea a fost respins\u0103. Instan\u021ba a men\u021binut sentin\u021ba anterioar\u0103, cu excep\u021bia pedepsei, care a fost modificat\u0103. Decizia poate fi contestat\u0103 la Curtea de Apel Chi\u0219in\u0103u.<\/p>\n<p>Este de men\u021bionat c\u0103 b\u0103rbatul este divor\u021bat \u0219i are un copil minor. Avocatul s\u0103u este fostul judec\u0103tor Ghenadie Pavliuc. \u00cen vara anului 2022, au fost \u00eenregistrate peste 50 de alerte false \u00een doar o s\u0103pt\u0103m\u00e2n\u0103, iar \u00een martie 2023 mai multe instan\u021be judec\u0103tore\u0219ti au fost paralizate din cauza unor astfel de anun\u021buri.<\/p>\n<\/div>\n","protected":false},"excerpt":{"rendered":"<div><img loading=\"lazy\" decoding=\"async\" width=\"696\" height=\"392\" src=\"https:\/\/canal5.md\/wp-content\/uploads\/2025\/02\/c700f337d066113ec02c1f0632c54dfd-optimized.jpg\" class=\"attachment-large size-large wp-post-image\" alt=\"\" srcset=\"https:\/\/canal5.md\/wp-content\/uploads\/2025\/02\/c700f337d066113ec02c1f0632c54dfd-optimized.jpg 809w, https:\/\/canal5.md\/wp-content\/uploads\/2025\/02\/c700f337d066113ec02c1f0632c54dfd-300x169-optimized.jpg 300w, https:\/\/canal5.md\/wp-content\/uploads\/2025\/02\/c700f337d066113ec02c1f0632c54dfd-768x433-optimized.jpg 768w, https:\/\/canal5.md\/wp-content\/uploads\/2025\/02\/c700f337d066113ec02c1f0632c54dfd-696x392-optimized.jpg 696w\">Autorul mai multor alerte false cu bomb\u0103 a fost condamnat la trei ani \u0219i jum\u0103tate de \u00eenchisoare de c\u0103tre prima instan\u021b\u0103. Sentin\u021ba a fost pronun\u021bat\u0103 pe 4 februarie de judec\u0103toarea Aliona Postu, care l-a obligat pe condamnat s\u0103 nu p\u0103r\u0103seasc\u0103 Republica Moldova. \u00cen perioada octombrie-noiembrie 2022, inculpatul a efectuat nou\u0103 apeluri false la Serviciul 112, [\u2026]<\/div>\n","protected":false},"author":1,"featured_media":66646,"comment_status":"closed","ping_status":"closed","sticky":false,"template":"","format":"standard","meta":{"jnews-multi-image_gallery":[],"jnews_single_post":[],"jnews_primary_category":[],"jnews_social_meta":[],"jnews_override_counter":[],"footnotes":""},"categories":[30],"tags":[],"class_list":["post-66645","post","type-post","status-publish","format-standard","has-post-thumbnail","hentry","category-social_ro"],"_links":{"self":[{"href":"https:\/\/orheifm.live\/index.php\/wp-json\/wp\/v2\/posts\/66645","targetHints":{"allow":["GET"]}}],"collection":[{"href":"https:\/\/orheifm.live\/index.php\/wp-json\/wp\/v2\/posts"}],"about":[{"href":"https:\/\/orheifm.live\/index.php\/wp-json\/wp\/v2\/types\/post"}],"author":[{"embeddable":true,"href":"https:\/\/orheifm.live\/index.php\/wp-json\/wp\/v2\/users\/1"}],"replies":[{"embeddable":true,"href":"https:\/\/orheifm.live\/index.php\/wp-json\/wp\/v2\/comments?post=66645"}],"version-history":[{"count":0,"href":"https:\/\/orheifm.live\/index.php\/wp-json\/wp\/v2\/posts\/66645\/revisions"}],"wp:featuredmedia":[{"embeddable":true,"href":"https:\/\/orheifm.live\/index.php\/wp-json\/wp\/v2\/media\/66646"}],"wp:attachment":[{"href":"https:\/\/orheifm.live\/index.php\/wp-json\/wp\/v2\/media?parent=66645"}],"wp:term":[{"taxonomy":"category","embeddable":true,"href":"https:\/\/orheifm.live\/index.php\/wp-json\/wp\/v2\/categories?post=66645"},{"taxonomy":"post_tag","embeddable":true,"href":"https:\/\/orheifm.live\/index.php\/wp-json\/wp\/v2\/tags?post=66645"}],"curies":[{"name":"wp","href":"https:\/\/api.w.org\/{rel}","templated":true}]}}