{"id":66641,"date":"2025-02-07T17:20:22","date_gmt":"2025-02-07T15:20:22","guid":{"rendered":"https:\/\/orheifm.live\/index.php\/2025\/02\/07\/suplimente-alimentare-nedeclarate-descoperite-la-vama-sculeni\/"},"modified":"2025-02-07T17:20:22","modified_gmt":"2025-02-07T15:20:22","slug":"suplimente-alimentare-nedeclarate-descoperite-la-vama-sculeni","status":"publish","type":"post","link":"https:\/\/orheifm.live\/index.php\/2025\/02\/07\/suplimente-alimentare-nedeclarate-descoperite-la-vama-sculeni\/","title":{"rendered":"Suplimente alimentare nedeclarate descoperite la vama Sculeni"},"content":{"rendered":"<div>\n<p><strong>Func\u021bionarii postului vamal Sculeni au descoperit un lot comercial de suplimente alimentare nedeclarat \u00een cadrul unui control vamal. Bunurile au fost g\u0103site \u00eentr-un autoturism \u201eMercedes-Benz GLK-Class 220\u201d, care circula din Rom\u00e2nia spre Republica Moldova.<\/strong><\/p>\n<p>\u0218oferul, un b\u0103rbat de 32 de ani cu dubl\u0103 cet\u0103\u021benie (moldoveneasc\u0103 \u0219i rom\u00e2n\u0103), a declarat ini\u021bial c\u0103 nu transport\u0103 bunuri ce necesit\u0103 declarare. Cu toate acestea, \u00een urma verific\u0103rilor, au fost descoperite suplimente alimentare de cantitate comercial\u0103 ascunse printre bagajele personale \u0219i \u00een spa\u021biul ro\u021bii de rezerv\u0103.<\/p>\n<p>M\u0103rfurile au fost confiscate, iar \u0219oferul risc\u0103 sanc\u021biuni contraven\u021bionale.<\/p>\n<\/div>\n","protected":false},"excerpt":{"rendered":"<div><img loading=\"lazy\" decoding=\"async\" width=\"696\" height=\"381\" src=\"https:\/\/canal5.md\/wp-content\/uploads\/2025\/02\/ce6ac3904efe1b018f28282e35b227a6-1024x560-optimized.webp\" class=\"attachment-large size-large wp-post-image\" alt=\"\" srcset=\"https:\/\/canal5.md\/wp-content\/uploads\/2025\/02\/ce6ac3904efe1b018f28282e35b227a6-1024x560-optimized.webp 1024w, https:\/\/canal5.md\/wp-content\/uploads\/2025\/02\/ce6ac3904efe1b018f28282e35b227a6-300x164-optimized.webp 300w, https:\/\/canal5.md\/wp-content\/uploads\/2025\/02\/ce6ac3904efe1b018f28282e35b227a6-768x420-optimized.webp 768w, https:\/\/canal5.md\/wp-content\/uploads\/2025\/02\/ce6ac3904efe1b018f28282e35b227a6-696x380-optimized.webp 696w, https:\/\/canal5.md\/wp-content\/uploads\/2025\/02\/ce6ac3904efe1b018f28282e35b227a6-1068x584-optimized.webp 1068w, https:\/\/canal5.md\/wp-content\/uploads\/2025\/02\/ce6ac3904efe1b018f28282e35b227a6-optimized.webp 1200w\">Func\u021bionarii postului vamal Sculeni au descoperit un lot comercial de suplimente alimentare nedeclarat \u00een cadrul unui control vamal. Bunurile au fost g\u0103site \u00eentr-un autoturism \u201eMercedes-Benz GLK-Class 220\u201d, care circula din Rom\u00e2nia spre Republica Moldova. \u0218oferul, un b\u0103rbat de 32 de ani cu dubl\u0103 cet\u0103\u021benie (moldoveneasc\u0103 \u0219i rom\u00e2n\u0103), a declarat ini\u021bial c\u0103 nu transport\u0103 bunuri ce [\u2026]<\/div>\n","protected":false},"author":1,"featured_media":66642,"comment_status":"closed","ping_status":"closed","sticky":false,"template":"","format":"standard","meta":{"jnews-multi-image_gallery":[],"jnews_single_post":[],"jnews_primary_category":[],"jnews_social_meta":[],"jnews_override_counter":[],"footnotes":""},"categories":[30],"tags":[],"class_list":["post-66641","post","type-post","status-publish","format-standard","has-post-thumbnail","hentry","category-social_ro"],"_links":{"self":[{"href":"https:\/\/orheifm.live\/index.php\/wp-json\/wp\/v2\/posts\/66641","targetHints":{"allow":["GET"]}}],"collection":[{"href":"https:\/\/orheifm.live\/index.php\/wp-json\/wp\/v2\/posts"}],"about":[{"href":"https:\/\/orheifm.live\/index.php\/wp-json\/wp\/v2\/types\/post"}],"author":[{"embeddable":true,"href":"https:\/\/orheifm.live\/index.php\/wp-json\/wp\/v2\/users\/1"}],"replies":[{"embeddable":true,"href":"https:\/\/orheifm.live\/index.php\/wp-json\/wp\/v2\/comments?post=66641"}],"version-history":[{"count":0,"href":"https:\/\/orheifm.live\/index.php\/wp-json\/wp\/v2\/posts\/66641\/revisions"}],"wp:featuredmedia":[{"embeddable":true,"href":"https:\/\/orheifm.live\/index.php\/wp-json\/wp\/v2\/media\/66642"}],"wp:attachment":[{"href":"https:\/\/orheifm.live\/index.php\/wp-json\/wp\/v2\/media?parent=66641"}],"wp:term":[{"taxonomy":"category","embeddable":true,"href":"https:\/\/orheifm.live\/index.php\/wp-json\/wp\/v2\/categories?post=66641"},{"taxonomy":"post_tag","embeddable":true,"href":"https:\/\/orheifm.live\/index.php\/wp-json\/wp\/v2\/tags?post=66641"}],"curies":[{"name":"wp","href":"https:\/\/api.w.org\/{rel}","templated":true}]}}