{"id":66639,"date":"2025-02-07T17:05:25","date_gmt":"2025-02-07T15:05:25","guid":{"rendered":"https:\/\/orheifm.live\/index.php\/2025\/02\/07\/noi-reguli-pentru-parcarile-neregulamentare-masinile-nu-vor-mai-fi-ridicate-decat-in-cazuri-specifice\/"},"modified":"2025-02-07T17:05:25","modified_gmt":"2025-02-07T15:05:25","slug":"noi-reguli-pentru-parcarile-neregulamentare-masinile-nu-vor-mai-fi-ridicate-decat-in-cazuri-specifice","status":"publish","type":"post","link":"https:\/\/orheifm.live\/index.php\/2025\/02\/07\/noi-reguli-pentru-parcarile-neregulamentare-masinile-nu-vor-mai-fi-ridicate-decat-in-cazuri-specifice\/","title":{"rendered":"Noi reguli pentru parc\u0103rile neregulamentare: Ma\u0219inile nu vor mai fi ridicate dec\u00e2t \u00een cazuri specifice"},"content":{"rendered":"<div>\n<p><strong>Veste bun\u0103 pentru cei care obi\u0219nuiesc s\u0103 parcheze neregulamentar \u00een Chi\u0219in\u0103u. Un grup de deputa\u021bi a anun\u021bat ast\u0103zi c\u0103 a \u00eenregistrat un proiect de lege ce vizeaz\u0103 interzicerea ridic\u0103rii \u0219i transport\u0103rii la parc\u0103rile speciale a ma\u0219inilor parcate ilegal.<\/strong><\/p>\n<p>Desigur, exist\u0103 anumite condi\u021bii care trebuie \u00eendeplinite pentru a beneficia de aceast\u0103 m\u0103sur\u0103. Deputa\u021bii propun modific\u0103ri la Codul Contraven\u021bional pentru a reglementa ridicarea autovehiculelor parcate neregulamentar.<\/p>\n<p>Conform noii propuneri, ma\u0219inile nu vor mai fi ridicate \u0219i transportate dec\u00e2t \u00een cazurile \u00een care acestea blocheaz\u0103 accesul altor vehicule sau pietoni, inclusiv persoanelor cu mobilitate redus\u0103, sunt parcate \u00een intersec\u021bii sau pe trecerile de pietoni, sau se afl\u0103 la mai pu\u021bin de 10 metri de acestea.<\/p>\n<p>De asemenea, vehiculele vor fi ridicate dac\u0103 blocheaz\u0103 accesul la sc\u0103ri, rampe sau alte facilit\u0103\u021bi pentru persoanele cu dizabilit\u0103\u021bi sau creeaz\u0103 obstacole pentru vehiculele de serviciu.<\/p>\n<p>\u00cen situa\u021biile \u00een care ma\u0219inile nu \u00eendeplinesc aceste condi\u021bii, poli\u021bia va aplica doar o sanc\u021biune financiar\u0103, f\u0103r\u0103 a ridica vehiculul.<\/p>\n<\/div>\n","protected":false},"excerpt":{"rendered":"<div><img loading=\"lazy\" decoding=\"async\" width=\"696\" height=\"392\" src=\"https:\/\/canal5.md\/wp-content\/uploads\/2025\/02\/4779fe72a7cc17c1a6808876c07be19d-optimized.jpg\" class=\"attachment-large size-large wp-post-image\" alt=\"\" srcset=\"https:\/\/canal5.md\/wp-content\/uploads\/2025\/02\/4779fe72a7cc17c1a6808876c07be19d-optimized.jpg 809w, https:\/\/canal5.md\/wp-content\/uploads\/2025\/02\/4779fe72a7cc17c1a6808876c07be19d-300x169-optimized.jpg 300w, https:\/\/canal5.md\/wp-content\/uploads\/2025\/02\/4779fe72a7cc17c1a6808876c07be19d-768x433-optimized.jpg 768w, https:\/\/canal5.md\/wp-content\/uploads\/2025\/02\/4779fe72a7cc17c1a6808876c07be19d-696x392-optimized.jpg 696w\">Veste bun\u0103 pentru cei care obi\u0219nuiesc s\u0103 parcheze neregulamentar \u00een Chi\u0219in\u0103u. Un grup de deputa\u021bi a anun\u021bat ast\u0103zi c\u0103 a \u00eenregistrat un proiect de lege ce vizeaz\u0103 interzicerea ridic\u0103rii \u0219i transport\u0103rii la parc\u0103rile speciale a ma\u0219inilor parcate ilegal. Desigur, exist\u0103 anumite condi\u021bii care trebuie \u00eendeplinite pentru a beneficia de aceast\u0103 m\u0103sur\u0103. Deputa\u021bii propun modific\u0103ri la [\u2026]<\/div>\n","protected":false},"author":1,"featured_media":66640,"comment_status":"closed","ping_status":"closed","sticky":false,"template":"","format":"standard","meta":{"jnews-multi-image_gallery":[],"jnews_single_post":[],"jnews_primary_category":[],"jnews_social_meta":[],"jnews_override_counter":[],"footnotes":""},"categories":[30],"tags":[],"class_list":["post-66639","post","type-post","status-publish","format-standard","has-post-thumbnail","hentry","category-social_ro"],"_links":{"self":[{"href":"https:\/\/orheifm.live\/index.php\/wp-json\/wp\/v2\/posts\/66639","targetHints":{"allow":["GET"]}}],"collection":[{"href":"https:\/\/orheifm.live\/index.php\/wp-json\/wp\/v2\/posts"}],"about":[{"href":"https:\/\/orheifm.live\/index.php\/wp-json\/wp\/v2\/types\/post"}],"author":[{"embeddable":true,"href":"https:\/\/orheifm.live\/index.php\/wp-json\/wp\/v2\/users\/1"}],"replies":[{"embeddable":true,"href":"https:\/\/orheifm.live\/index.php\/wp-json\/wp\/v2\/comments?post=66639"}],"version-history":[{"count":0,"href":"https:\/\/orheifm.live\/index.php\/wp-json\/wp\/v2\/posts\/66639\/revisions"}],"wp:featuredmedia":[{"embeddable":true,"href":"https:\/\/orheifm.live\/index.php\/wp-json\/wp\/v2\/media\/66640"}],"wp:attachment":[{"href":"https:\/\/orheifm.live\/index.php\/wp-json\/wp\/v2\/media?parent=66639"}],"wp:term":[{"taxonomy":"category","embeddable":true,"href":"https:\/\/orheifm.live\/index.php\/wp-json\/wp\/v2\/categories?post=66639"},{"taxonomy":"post_tag","embeddable":true,"href":"https:\/\/orheifm.live\/index.php\/wp-json\/wp\/v2\/tags?post=66639"}],"curies":[{"name":"wp","href":"https:\/\/api.w.org\/{rel}","templated":true}]}}