{"id":66635,"date":"2025-02-07T16:40:16","date_gmt":"2025-02-07T14:40:16","guid":{"rendered":"https:\/\/orheifm.live\/index.php\/2025\/02\/07\/anastasia-volocikova-si-marcel-ababii-in-vacanta-in-maldive-prieteni-sau-mai-mult\/"},"modified":"2025-02-07T16:40:16","modified_gmt":"2025-02-07T14:40:16","slug":"anastasia-volocikova-si-marcel-ababii-in-vacanta-in-maldive-prieteni-sau-mai-mult","status":"publish","type":"post","link":"https:\/\/orheifm.live\/index.php\/2025\/02\/07\/anastasia-volocikova-si-marcel-ababii-in-vacanta-in-maldive-prieteni-sau-mai-mult\/","title":{"rendered":"Anastasia Volocikova \u0219i Marcel Ababii \u00een vacan\u021b\u0103 \u00een Maldive: prieteni sau mai mult?"},"content":{"rendered":"<div>\n<p><strong>Anastasia Volocikova se afl\u0103 \u00een vacan\u021b\u0103 \u00een Maldive al\u0103turi de un t\u00e2n\u0103r, despre care a postat imagini pe blogul s\u0103u personal, f\u0103r\u0103 s\u0103-i arate fa\u021ba. Totu\u0219i, bloggerii au aflat cine este acesta. Se pare c\u0103 este compatriotul nostru, Marcel Ababii, \u00een v\u00e2rst\u0103 de 26 de ani, care s-a n\u0103scut la Chi\u0219in\u0103u. <\/strong><\/p>\n<p>Marcel a fost solist al Ansamblului Academic Na\u021bional de dansuri populare \u201eJoc\u201d \u0219i a activat \u00een cadrul Teatrului de Dans \u201eAnna Kuzne\u021bova\u201d. Recent, el a f\u0103cut parte \u0219i din trupa balerinei Volocikova, particip\u00e2nd la spectacolul \u201eObsesie\u201d.<\/p>\n<p>Marcel a clarificat c\u0103 \u00eentre el \u0219i Anastasia nu exist\u0103 o rela\u021bie amoroas\u0103: \u201eAu existat multe specula\u021bii \u0219i investiga\u021bii. Din p\u0103cate sau din fericire, nu \u0219tiu. Nu suntem iubi\u021bi. Suntem doar buni prieteni \u0219i parteneri de scen\u0103. Sunt un oaspete frecvent la ea acas\u0103 \u0219i ne vedem mereu\u201d.<\/p>\n<p>Volocikova a confirmat c\u0103 este \u00een vacan\u021b\u0103 cu Marcel \u0219i a postat o fotografie pe plaj\u0103, \u00een care pozeaz\u0103 \u00een genunchi, men\u021bion\u00e2nd c\u0103 poza a fost f\u0103cut\u0103 de acesta. De asemenea, Marcel a povestit despre vacan\u021ba lor: \u201eA fost foarte bine, dar nu \u0219tiu, Maldivele nu sunt pentru mine. Cred c\u0103 e un loc de vizitat la o anumit\u0103 v\u00e2rst\u0103. Nu prea exist\u0103 distrac\u021bii pentru tineri acolo. Plaj\u0103, nisip \u0219i cam at\u00e2t.\u201d<\/p>\n<\/div>\n","protected":false},"excerpt":{"rendered":"<div><img loading=\"lazy\" decoding=\"async\" width=\"696\" height=\"522\" src=\"https:\/\/canal5.md\/wp-content\/uploads\/2025\/02\/21cbd984db118b29216095df546cd130-optimized.webp\" class=\"attachment-large size-large wp-post-image\" alt=\"\" srcset=\"https:\/\/canal5.md\/wp-content\/uploads\/2025\/02\/21cbd984db118b29216095df546cd130-optimized.webp 750w, https:\/\/canal5.md\/wp-content\/uploads\/2025\/02\/21cbd984db118b29216095df546cd130-300x225-optimized.webp 300w, https:\/\/canal5.md\/wp-content\/uploads\/2025\/02\/21cbd984db118b29216095df546cd130-696x522-optimized.webp 696w\">Anastasia Volocikova se afl\u0103 \u00een vacan\u021b\u0103 \u00een Maldive al\u0103turi de un t\u00e2n\u0103r, despre care a postat imagini pe blogul s\u0103u personal, f\u0103r\u0103 s\u0103-i arate fa\u021ba. Totu\u0219i, bloggerii au aflat cine este acesta. Se pare c\u0103 este compatriotul nostru, Marcel Ababii, \u00een v\u00e2rst\u0103 de 26 de ani, care s-a n\u0103scut la Chi\u0219in\u0103u. Marcel a fost solist [\u2026]<\/div>\n","protected":false},"author":1,"featured_media":66636,"comment_status":"closed","ping_status":"closed","sticky":false,"template":"","format":"standard","meta":{"jnews-multi-image_gallery":[],"jnews_single_post":[],"jnews_primary_category":[],"jnews_social_meta":[],"jnews_override_counter":[],"footnotes":""},"categories":[30],"tags":[],"class_list":["post-66635","post","type-post","status-publish","format-standard","has-post-thumbnail","hentry","category-social_ro"],"_links":{"self":[{"href":"https:\/\/orheifm.live\/index.php\/wp-json\/wp\/v2\/posts\/66635","targetHints":{"allow":["GET"]}}],"collection":[{"href":"https:\/\/orheifm.live\/index.php\/wp-json\/wp\/v2\/posts"}],"about":[{"href":"https:\/\/orheifm.live\/index.php\/wp-json\/wp\/v2\/types\/post"}],"author":[{"embeddable":true,"href":"https:\/\/orheifm.live\/index.php\/wp-json\/wp\/v2\/users\/1"}],"replies":[{"embeddable":true,"href":"https:\/\/orheifm.live\/index.php\/wp-json\/wp\/v2\/comments?post=66635"}],"version-history":[{"count":0,"href":"https:\/\/orheifm.live\/index.php\/wp-json\/wp\/v2\/posts\/66635\/revisions"}],"wp:featuredmedia":[{"embeddable":true,"href":"https:\/\/orheifm.live\/index.php\/wp-json\/wp\/v2\/media\/66636"}],"wp:attachment":[{"href":"https:\/\/orheifm.live\/index.php\/wp-json\/wp\/v2\/media?parent=66635"}],"wp:term":[{"taxonomy":"category","embeddable":true,"href":"https:\/\/orheifm.live\/index.php\/wp-json\/wp\/v2\/categories?post=66635"},{"taxonomy":"post_tag","embeddable":true,"href":"https:\/\/orheifm.live\/index.php\/wp-json\/wp\/v2\/tags?post=66635"}],"curies":[{"name":"wp","href":"https:\/\/api.w.org\/{rel}","templated":true}]}}