{"id":66628,"date":"2025-02-07T15:50:44","date_gmt":"2025-02-07T13:50:44","guid":{"rendered":"https:\/\/orheifm.live\/index.php\/2025\/02\/07\/rapire-falsa-in-soldanesti-tatal-si-nasii-au-ascuns-fetita-pentru-a-o-convinge-pe-mama-sa-se-intoarca\/"},"modified":"2025-02-07T15:50:44","modified_gmt":"2025-02-07T13:50:44","slug":"rapire-falsa-in-soldanesti-tatal-si-nasii-au-ascuns-fetita-pentru-a-o-convinge-pe-mama-sa-se-intoarca","status":"publish","type":"post","link":"https:\/\/orheifm.live\/index.php\/2025\/02\/07\/rapire-falsa-in-soldanesti-tatal-si-nasii-au-ascuns-fetita-pentru-a-o-convinge-pe-mama-sa-se-intoarca\/","title":{"rendered":"R\u0103pire fals\u0103 \u00een \u0218old\u0103ne\u0219ti: Tat\u0103l \u0219i na\u0219ii au ascuns feti\u021ba pentru a o convinge pe mama s\u0103 se \u00eentoarc\u0103"},"content":{"rendered":"<div>\n<p><strong>Cazul feti\u021bei de 12 ani, disp\u0103rut\u0103 asear\u0103 din \u0218old\u0103ne\u0219ti dup\u0103 ce ar fi urcat \u00eentr-o ma\u0219in\u0103, a fost o \u00eenscenare pus\u0103 la cale de tat\u0103l copilului \u0219i na\u0219ii familiei, cu scopul de a o determina pe mama copilei s\u0103 revin\u0103 acas\u0103 din str\u0103in\u0103tate, informeaz\u0103 bloggerul Eugen Luchianiuc.<\/strong><\/p>\n<p>Potrivit sursei, tat\u0103l feti\u021bei a alertat poli\u021bia \u0219i a spus c\u0103 fiica sa a fost r\u0103pit\u0103, \u00eens\u0103 totul f\u0103cea parte dintr-un plan pus la punct \u00eempreun\u0103 cu na\u0219ii, iar feti\u021ba a fost ascuns\u0103 la Soroca.<\/p>\n<p>Aceast\u0103 farsa a fost organizat\u0103 pentru a crea martori, iar tat\u0103l a sunat-o pe mama feti\u021bei, spun\u00e2ndu-i c\u0103 \u201emafia\u201d i-a r\u0103pit fiica. Ulterior, tat\u0103l a anun\u021bat poli\u021bia despre r\u0103pire. Pe 6 februarie, mama feti\u021bei din Pohoarna, raionul \u0218old\u0103ne\u0219ti, a informat autorit\u0103\u021bile despre dispari\u021bia minorei, men\u021bion\u00e2nd c\u0103 aceasta a fost v\u0103zut\u0103 urc\u00e2nd \u00eentr-o ma\u0219in\u0103, \u00eens\u0103 la scurt timp femeia a revenit cu un mesaj pe re\u021belele sociale \u00een care anun\u021ba c\u0103 feti\u021ba a fost g\u0103sit\u0103 \u0219i este \u00een afacerea oric\u0103rui pericol.<\/p>\n<\/div>\n","protected":false},"excerpt":{"rendered":"<div><img loading=\"lazy\" decoding=\"async\" width=\"484\" height=\"533\" src=\"https:\/\/canal5.md\/wp-content\/uploads\/2025\/02\/snimok-ekrana_7-2-2025_154635_unimedia.info_-optimized.jpeg\" class=\"attachment-large size-large wp-post-image\" alt=\"\" srcset=\"https:\/\/canal5.md\/wp-content\/uploads\/2025\/02\/snimok-ekrana_7-2-2025_154635_unimedia.info_-optimized.jpeg 484w, https:\/\/canal5.md\/wp-content\/uploads\/2025\/02\/snimok-ekrana_7-2-2025_154635_unimedia.info_-272x300-optimized.jpeg 272w\">Cazul feti\u021bei de 12 ani, disp\u0103rut\u0103 asear\u0103 din \u0218old\u0103ne\u0219ti dup\u0103 ce ar fi urcat \u00eentr-o ma\u0219in\u0103, a fost o \u00eenscenare pus\u0103 la cale de tat\u0103l copilului \u0219i na\u0219ii familiei, cu scopul de a o determina pe mama copilei s\u0103 revin\u0103 acas\u0103 din str\u0103in\u0103tate, informeaz\u0103 bloggerul Eugen Luchianiuc. Potrivit sursei, tat\u0103l feti\u021bei a alertat poli\u021bia \u0219i [\u2026]<\/div>\n","protected":false},"author":1,"featured_media":66629,"comment_status":"closed","ping_status":"closed","sticky":false,"template":"","format":"standard","meta":{"jnews-multi-image_gallery":[],"jnews_single_post":[],"jnews_primary_category":[],"jnews_social_meta":[],"jnews_override_counter":[],"footnotes":""},"categories":[30],"tags":[],"class_list":["post-66628","post","type-post","status-publish","format-standard","has-post-thumbnail","hentry","category-social_ro"],"_links":{"self":[{"href":"https:\/\/orheifm.live\/index.php\/wp-json\/wp\/v2\/posts\/66628","targetHints":{"allow":["GET"]}}],"collection":[{"href":"https:\/\/orheifm.live\/index.php\/wp-json\/wp\/v2\/posts"}],"about":[{"href":"https:\/\/orheifm.live\/index.php\/wp-json\/wp\/v2\/types\/post"}],"author":[{"embeddable":true,"href":"https:\/\/orheifm.live\/index.php\/wp-json\/wp\/v2\/users\/1"}],"replies":[{"embeddable":true,"href":"https:\/\/orheifm.live\/index.php\/wp-json\/wp\/v2\/comments?post=66628"}],"version-history":[{"count":0,"href":"https:\/\/orheifm.live\/index.php\/wp-json\/wp\/v2\/posts\/66628\/revisions"}],"wp:featuredmedia":[{"embeddable":true,"href":"https:\/\/orheifm.live\/index.php\/wp-json\/wp\/v2\/media\/66629"}],"wp:attachment":[{"href":"https:\/\/orheifm.live\/index.php\/wp-json\/wp\/v2\/media?parent=66628"}],"wp:term":[{"taxonomy":"category","embeddable":true,"href":"https:\/\/orheifm.live\/index.php\/wp-json\/wp\/v2\/categories?post=66628"},{"taxonomy":"post_tag","embeddable":true,"href":"https:\/\/orheifm.live\/index.php\/wp-json\/wp\/v2\/tags?post=66628"}],"curies":[{"name":"wp","href":"https:\/\/api.w.org\/{rel}","templated":true}]}}