{"id":66624,"date":"2025-02-07T14:58:11","date_gmt":"2025-02-07T12:58:11","guid":{"rendered":"https:\/\/orheifm.live\/index.php\/2025\/02\/07\/maia-sandu-comenteaza-acuzatiile-lui-donald-trump-despre-usaid-si-impactul-asupra-procesului-de-vetting-in-moldova\/"},"modified":"2025-02-07T14:58:11","modified_gmt":"2025-02-07T12:58:11","slug":"maia-sandu-comenteaza-acuzatiile-lui-donald-trump-despre-usaid-si-impactul-asupra-procesului-de-vetting-in-moldova","status":"publish","type":"post","link":"https:\/\/orheifm.live\/index.php\/2025\/02\/07\/maia-sandu-comenteaza-acuzatiile-lui-donald-trump-despre-usaid-si-impactul-asupra-procesului-de-vetting-in-moldova\/","title":{"rendered":"Maia Sandu comenteaz\u0103 acuza\u021biile lui Donald Trump despre USAID \u0219i impactul asupra procesului de vetting \u00een Moldova"},"content":{"rendered":"<div>\n<p><strong>Maia Sandu pune la \u00eendoial\u0103 declara\u021biile administra\u021biei pre\u0219edintelui Americii, Donald Tramp, precum c\u0103 USAID este o grupare criminal\u0103 organizat\u0103. \u00cen cadrul unei emisiuni televizate de la TV8, fiind \u00eentrebat\u0103 cum comenteaz\u0103 aceste afirma\u021bii, ea a declarat c\u0103 \u201dtrebuie s\u0103 vedem cine face aceste acuza\u021bii\u201d. Totodat\u0103, Sandu a precizat c\u0103, vettingul a fost pus pe pauz\u0103, iar evaluare a judec\u0103torilor \u0219i procurorilor va fr\u00e2na din cauza lipse de finan\u021bare.<\/strong><br \/>\n<iframe loading=\"lazy\" title=\"YouTube video player\" src=\"https:\/\/www.youtube.com\/embed\/vIinR-S5DvA?si=crVBmicZofOaRxwt\" width=\"560\" height=\"315\" frameborder=\"0\" allowfullscreen=\"allowfullscreen\"><\/iframe><\/p>\n<p>Totul se \u00eent\u00e2mpl\u0103 din motiv c\u0103 banii veneau de la USAID.\u00a0 Pre\u0219edinta Republicii Moldova pare c\u0103 este pornit\u0103 \u00eempotriva noii administra\u021bii a Statelor Unite ale Americii. \u00cen cadrul unei emisiuni, \u00eentrebat\u0103 cum comenteaz\u0103 declara\u021biile, precum c\u0103 USAID este o grupare criminal\u0103 organizat\u0103, Sandu a precizat c\u0103 trebuie mai \u00eent\u00e2i s\u0103 vad\u0103 cine a f\u0103cut aceste declara\u021bii, chiar dac\u0103 afirma\u021bia vine direct de la Elon Musc, care este \u0219ef de departament \u00een administra\u021bia lui Trump. \u00censu\u0219i pre\u0219edintele SUA, Donald Trump, a declarat de mai multe ori ori despre caracterul criminal al activit\u0103\u021bilor USAID. Oare pentru Sandu aceste voci nu sunt autoritare sau este ea prost informat\u0103?<\/p>\n<p>MAIA SANDU, pre\u0219edintele Republicii Moldova<\/p>\n<p>Bine, acum trebuie s\u0103 vedem cine face aceste acuza\u021bii. Eu, din ce am v\u0103zut \u00een Republica Moldova \u0219i sunt sigur\u0103 c\u0103 \u00een multe alte \u021b\u0103ri, pentru noi aceste proiecte au fost extraordinar de importante.<\/p>\n<p>Ce \u021bine de de decizia noii administra\u021bii de la Casa Alb\u0103 de a suspenda o parte din finan\u021b\u0103rile externe, Maia Sandu a recunoscut c\u0103 acest proces a afectat inclusiv desf\u0103\u0219urarea procesului de evaluare a procurorilor. Astfel, aceasta a precizat c\u0103 \u00een aceste condi\u021bii ar putea urma o pauz\u0103 \u00een procesele de Vetting.Totodat\u0103, \u0219efa statului a precizat c\u0103 se \u00eencearc\u0103 \u00eenlocuirea fondurilor de la USAID cu finan\u021bare european\u0103 pentru Comisia de vetting, \u00eens\u0103 p\u00e2n\u0103 la identificarea banilor, este pauz\u0103.<\/p>\n<p>MAIA SANDU, pre\u0219edintele Republicii Moldova<\/p>\n<p>Evaluarea procurorilor era sus\u021binut\u0103 din resursele USAID \u0219i acum a fost stopat\u0103 aceasta finan\u021bare nu \u0219tim dac\u0103 se va reveni sau nu se va reveni, dar \u00eentre timp \u00eencerc\u0103m, s\u0103 comas\u0103m cu banii Uniunii Europene, s\u0103 preia UE s\u0103 finan\u021beze aceast\u0103 evaluare. Va fi o pauz\u0103, este clar. La pauzele care au fost p\u00e2n\u0103 acum va mai fi o pauz\u0103.<\/p>\n<p>Bugetul Comisiei de vetting este secretizat, iar \u00een spa\u021biul public au ap\u0103rut informa\u021bii neconfirmate despre salarii de 15 mii de euro pentru membrii acestei Comisii, \u00een special pentru evaluatorii str\u0103ini. De cealalt\u0103 parte, Comisia de vetting o contrazice pe Maia Sandu \u0219i neag\u0103 blocajul. \u00centr-o reac\u021bie pentru pres\u0103, institu\u021bia a anun\u021bat c\u0103 \u00ee\u0219i continu\u0103 activitatea conform programului stabilit \u0219i nu este afectat\u0103 de sistarea finan\u021b\u0103rii USAID. Totodat\u0103, pre\u0219edinta a negat faptul c\u0103 Partidul Ac\u021biune \u0219i Solidaritate, pe care l-a condus, ar fi beneficiat de bani din partea USAID sau din alte fonduri americane.<\/p>\n<p>MAIA SANDU, pre\u0219edintele Republicii Moldova<\/p>\n<p>USAID nu finan\u021beaz\u0103 partide politice. Exist\u0103 dou\u0103 organiza\u021bii americane, una a democra\u021bilor \u0219i alta a republicanilor, care au \u00een termenul lor de referin\u021b\u0103 sprijin pentru partidele politice. Marea majoritate a partidelor politice din Republica Moldova au mers la instruiri la aceste dou\u0103 organiza\u021bii, e o chestie fireasc\u0103. Ce \u021bine de finan\u021bare \u0219i de bani, este ilegal, noi am respectat \u00eentotdeauna legea. Este ilegal\u0103 finan\u021barea campaniilor din afar\u0103, la noi este o chestie transparent\u0103, oricine poate s\u0103 mearg\u0103 \u0219i s\u0103 vad\u0103.<\/p>\n<p>Men\u021bion\u0103m c\u0103 organiza\u021biile cu care colaboreaz\u0103 Pre\u0219edin\u021bia sunt str\u00e2ns legate de USAID, iar \u00eens\u0103\u0219i Sandu \u0219i al\u021bi oficiali de rang \u00eenalt din \u021bar\u0103 au avut contacte directe cu angaja\u021bii \u0219i conducerea agen\u021biei, recunoscut\u0103 ca fiind o grupare criminal\u0103.<\/p>\n<p>Preciz\u0103m c\u0103 pre\u0219edintele SUA, Donald Trump, a declarat c\u0103 agen\u021bia USAID \u201eeste condus\u0103 de o grupare de radicali nebuni\u201d \u0219i a acuzat-o de crime precum furtul \u0219i deturnarea de fonduri. Iar purt\u0103toarea de cuv\u00e2nt a Casei Albe, Caroline Levitt, a explicat c\u0103 programele USAID \u201educ oamenii \u00een eroare \u0219i sunt d\u0103un\u0103toare\u201d, exist\u00e2nd \u201eabuzuri \u0219i risip\u0103 de bani\u201d.<\/p>\n<p>\u00cen aceste condi\u021bii, mai apare \u00eentrebarea fireasc\u0103 dac\u0103 nu cumva programele dubioase realizate \u00een Moldova din bani americani sunt similare cu cele implementate \u00een Ucraina, unde modelul reformei judiciare este aproape identic cu versiunea moldoveneasc\u0103. Acolo, organiza\u021bia neguvernamental\u0103 \u201eFondul DEJURE\u201d controla instan\u021bele \u00een interesul Partidului Democrat din SUA, potrivit presei ucrainene.<\/p>\n<p>Cu fondurile ob\u021binute, acest ONG implementa programe pentru \u201eepurarea\u201d sistemului judec\u0103toresc din Ucraina: magistra\u021bii incomozi erau elimina\u021bi, iar cei loiali erau promova\u021bi. Fostul procuror, avocatul Pavel Midrigan, a declarat \u00eentr-un interviu pentru Canal 5 c\u0103 o situa\u021bie similar\u0103 se observ\u0103 \u0219i \u00een Republica Moldova, av\u00e2nd \u00een vedere c\u0103 sponsorii reformei sistemului judiciar \u00een \u021bara noastr\u0103 sunt aceia\u0219i ca \u00een Ucraina.<\/p>\n<p>Amintim c\u0103 dup\u0103 preluarea func\u021biei, Donald Trump a suspendat aproape toat\u0103 asisten\u021ba interna\u021bional\u0103 a SUA pentru 90 de zile, cu scopul de a efectua un audit privind conformitatea acesteia cu politica extern\u0103 a noii administra\u021bii. Excep\u021bii au fost f\u0103cute pentru programele umanitare care \u201esalveaz\u0103 vie\u021bi\u201d. Sprijinul din partea Statelor Unite ale Americii pentru anul 2024 destinat procesului de vetting din Republica Moldova se ridic\u0103 la un milion 500 de mii de dolari \u0219i a fost oferit prin Departamentul de Stat. Iar la capitolul justi\u021bie \u0219i anticorup\u021bie ajutorul a constituit aproape 1,9 milioane de dolari \u0219i a fost acordat prin USAID<\/p>\n<\/div>\n","protected":false},"excerpt":{"rendered":"<div><img loading=\"lazy\" decoding=\"async\" width=\"696\" height=\"390\" src=\"https:\/\/canal5.md\/wp-content\/uploads\/2024\/08\/maia-sandu-republica-moldova-scaled-e1699104804756-1200x673-1-1024x574-optimized.webp\" class=\"attachment-large size-large wp-post-image\" alt=\"\" srcset=\"https:\/\/canal5.md\/wp-content\/uploads\/2024\/08\/maia-sandu-republica-moldova-scaled-e1699104804756-1200x673-1-1024x574-optimized.webp 1024w, https:\/\/canal5.md\/wp-content\/uploads\/2024\/08\/maia-sandu-republica-moldova-scaled-e1699104804756-1200x673-1-300x168-optimized.webp 300w, https:\/\/canal5.md\/wp-content\/uploads\/2024\/08\/maia-sandu-republica-moldova-scaled-e1699104804756-1200x673-1-768x431-optimized.webp 768w, https:\/\/canal5.md\/wp-content\/uploads\/2024\/08\/maia-sandu-republica-moldova-scaled-e1699104804756-1200x673-1-696x390-optimized.webp 696w, https:\/\/canal5.md\/wp-content\/uploads\/2024\/08\/maia-sandu-republica-moldova-scaled-e1699104804756-1200x673-1-1068x599-optimized.webp 1068w, https:\/\/canal5.md\/wp-content\/uploads\/2024\/08\/maia-sandu-republica-moldova-scaled-e1699104804756-1200x673-1-optimized.webp 1200w\">Maia Sandu pune la \u00eendoial\u0103 declara\u021biile administra\u021biei pre\u0219edintelui Americii, Donald Tramp, precum c\u0103 USAID este o grupare criminal\u0103 organizat\u0103. \u00cen cadrul unei emisiuni televizate de la TV8, fiind \u00eentrebat\u0103 cum comenteaz\u0103 aceste afirma\u021bii, ea a declarat c\u0103 \u201dtrebuie s\u0103 vedem cine face aceste acuza\u021bii\u201d. Totodat\u0103, Sandu a precizat c\u0103, vettingul a fost pus pe pauz\u0103, [\u2026]<\/div>\n","protected":false},"author":1,"featured_media":66625,"comment_status":"closed","ping_status":"closed","sticky":false,"template":"","format":"standard","meta":{"jnews-multi-image_gallery":[],"jnews_single_post":{"format":"standard","override":[{"template":"1","parallax":"1","layout":"right-sidebar","sidebar":"default-sidebar","second_sidebar":"default-sidebar","sticky_sidebar":"1","share_position":"float","share_float_style":"share-normal","show_share_counter":"1","show_view_counter":"1","show_featured":"1","show_post_meta":"1","show_post_author_image":"1","show_post_date":"1","post_date_format":"default","post_date_format_custom":"Y\/m\/d","post_reading_time_wpm":"300","post_calculate_word_method":"str_word_count","show_zoom_button":"0","zoom_button_out_step":"2","zoom_button_in_step":"3","show_post_tag":"1","show_popup_post":"1","number_popup_post":"1","show_post_related":"1"}],"image_override":[{"single_post_thumbnail_size":"crop-500","single_post_gallery_size":"crop-500"}],"trending_post_position":"meta","trending_post_label":"Trending","sponsored_post_label":"Sponsored by","disable_ad":"0"},"jnews_primary_category":[],"jnews_social_meta":[],"jnews_override_counter":{"view_counter_number":"0","share_counter_number":"0","like_counter_number":"0","dislike_counter_number":"0"},"footnotes":""},"categories":[23],"tags":[],"class_list":["post-66624","post","type-post","status-publish","format-standard","has-post-thumbnail","hentry","category-politica_ro"],"_links":{"self":[{"href":"https:\/\/orheifm.live\/index.php\/wp-json\/wp\/v2\/posts\/66624","targetHints":{"allow":["GET"]}}],"collection":[{"href":"https:\/\/orheifm.live\/index.php\/wp-json\/wp\/v2\/posts"}],"about":[{"href":"https:\/\/orheifm.live\/index.php\/wp-json\/wp\/v2\/types\/post"}],"author":[{"embeddable":true,"href":"https:\/\/orheifm.live\/index.php\/wp-json\/wp\/v2\/users\/1"}],"replies":[{"embeddable":true,"href":"https:\/\/orheifm.live\/index.php\/wp-json\/wp\/v2\/comments?post=66624"}],"version-history":[{"count":0,"href":"https:\/\/orheifm.live\/index.php\/wp-json\/wp\/v2\/posts\/66624\/revisions"}],"wp:featuredmedia":[{"embeddable":true,"href":"https:\/\/orheifm.live\/index.php\/wp-json\/wp\/v2\/media\/66625"}],"wp:attachment":[{"href":"https:\/\/orheifm.live\/index.php\/wp-json\/wp\/v2\/media?parent=66624"}],"wp:term":[{"taxonomy":"category","embeddable":true,"href":"https:\/\/orheifm.live\/index.php\/wp-json\/wp\/v2\/categories?post=66624"},{"taxonomy":"post_tag","embeddable":true,"href":"https:\/\/orheifm.live\/index.php\/wp-json\/wp\/v2\/tags?post=66624"}],"curies":[{"name":"wp","href":"https:\/\/api.w.org\/{rel}","templated":true}]}}