{"id":66622,"date":"2025-02-07T14:57:30","date_gmt":"2025-02-07T12:57:30","guid":{"rendered":"https:\/\/orheifm.live\/index.php\/2025\/02\/07\/partidul-sansa-risca-dizolvare-alexei-lungu-respinge-acuzatiile-si-a-organizat-protest-in-fata-cec\/"},"modified":"2025-02-07T14:57:30","modified_gmt":"2025-02-07T12:57:30","slug":"partidul-sansa-risca-dizolvare-alexei-lungu-respinge-acuzatiile-si-a-organizat-protest-in-fata-cec","status":"publish","type":"post","link":"https:\/\/orheifm.live\/index.php\/2025\/02\/07\/partidul-sansa-risca-dizolvare-alexei-lungu-respinge-acuzatiile-si-a-organizat-protest-in-fata-cec\/","title":{"rendered":"Partidul \u201e\u0218ans\u0103\u201d risc\u0103 dizolvare: Alexei Lungu respinge acuza\u021biile \u0219i a organizat protest \u00een fa\u021ba CEC"},"content":{"rendered":"<div>\n<p><strong>Partidul Politic \u201e\u0218ans\u0103\u201d ar putea fi dizolvat. O sesizare \u00een acest sens a fost expediat\u0103 de Comisia Electoral\u0103 Central\u0103 Ministerului Justi\u021biei. Argumentul \u00eenaintat de CEC este nerespectarea raport\u0103rii financiare \u00een decurs de un an. Liderul forma\u021biunii, Alexei Lungu, respinge acuza\u021biile \u0219i spune c\u0103 va ataca decizia \u00een toate instan\u021bele superioare din \u021bar\u0103 \u0219i din str\u0103in\u0103tate. \u00cen semn de protest, membrii \u0219i sus\u021bin\u0103torii forma\u021buinii au organizat un flashmob \u00een fa\u021ba sediului sediului CEC.<\/strong><br \/>\n<iframe loading=\"lazy\" title=\"YouTube video player\" src=\"https:\/\/www.youtube.com\/embed\/B8ZtUL08Bhw?si=spsYiD8deoosHN_s\" width=\"560\" height=\"315\" frameborder=\"0\" allowfullscreen=\"allowfullscreen\"><\/iframe><\/p>\n<p>Vicepre\u0219edintele CEC, Pavel Postica, a declarat, pentru Teleradio-Moldova, c\u0103 partidul \u201d\u0218ans\u0103\u201d nu \u0219i-ar fi respectat obliga\u021biile legale privind raportarea financiar\u0103, inclusiv \u00een perioada \u00een care activitatea sa a fost restric\u021bionat\u0103 printr-o hot\u0103r\u00e2re definitiv\u0103 a Cur\u021bii de Apel Chi\u0219in\u0103u. \u00cen acest context, CEC a expediat o sesizare \u00een adresa Ministerului Justi\u021biei, pentru ca forma\u021biunea s\u0103 fie dizolvat\u0103. \u00cen reac\u021bie, pre\u0219edintele partidului sus\u021bine c\u0103 toate rapoartele au fost prezentate \u00een timp, conform legisla\u021biei Republicii Moldova.<\/p>\n<p>ALEXEI LUNGU, pre\u0219edintele Partidului \u201d\u0218ans\u0103\u201d<\/p>\n<p>Partidul \u0218ans\u0103 este curat \u00een fa\u021ba FISC-ului, Partidul \u0218ans\u0103 este curat \u00een fa\u021ba CEC-ului. Toate rapoartele au fost prezentate \u00een timp, conform legisla\u021biei electorale a Republicii Moldova, conform legisla\u021biei \u021b\u0103rii noastre.<\/p>\n<p>Se \u00eencalc\u0103 flagrant Constitu\u021bia Republicii Moldova \u0219i toate valorile pentru care au luptat str\u0103mo\u0219ii no\u0219tri. Echipa Partidului \u201d\u0218ans\u0103\u201d din 2023 este supus\u0103 represiunilor politice. Vom continua s\u0103 lupt\u0103m pentru drepturile cet\u0103\u021benilor Moldovei, pentru a asigura condi\u021bii de via\u021b\u0103 decente pentru cet\u0103\u021benii Moldovei.<\/p>\n<p>Membru al consiliului Politic al Partidului \u201e\u0218ans\u0103\u201d, Ivan Guci a declarat c\u0103 toate ac\u021biunile CEC \u0219i al partidului de la guvernare sunt \u00eendreptate \u00eempotriva propriului popor.<\/p>\n<p>IVAN GUCI, membru al consiliului Politic al Partidului \u201e\u0218ans\u0103\u201d<\/p>\n<p>\u00cempreun\u0103 cu cei din aceast\u0103 conducere a CEC-ului, au furat dreptul moldovenilor de a decide. Anume cei din PAS au furat acest drept, de a fi ale\u0219i prin alegeri locale. Cei din CEC, \u00eempreun\u0103 cu cei din PAS, au furat\u2026 dreptul moldovenilor de a decide prin referendum \u0219i dreptul lor de a avea un alt pre\u0219edinte.<\/p>\n<p>La flasmob-ul organizat de Partidul \u201d\u0218ans\u0103\u201d, \u00een semn de sus\u021binere au participat \u0219i membri ai Blocului \u201dVictorie\u201d<\/p>\n<p>CRISTINA VULPE, membru al Blocului \u201dVictorie\u201d<\/p>\n<p>Evenimentul de ast\u0103zi este pentru a confirma \u00eenc\u0103 o dat\u0103 c\u0103 nu vom ceda \u0219i toate aceste ac\u021biuni vor fi contestate \u00een toate instan\u021bele interna\u021bionale, iar cei care ast\u0103zi pretind a fi liberi \u0219i independen\u021bi \u00een decizii \u0219i cei care \u00eencearc\u0103 s\u0103 ne spun\u0103 c\u0103 \u00een UE este dreptate, v\u0103 rug\u0103m s\u0103 deschide\u021bi ochii \u0219i s\u0103 vede\u021bi toate aceste nedrept\u0103\u021bi, care se \u00eent\u00e2mpl\u0103 ast\u0103zi \u00een RM.<\/p>\n<p>Contactat de Canal5, vicepre\u0219edintele CEC, Pavel Postica, a declarat c\u0103 ac\u021biunile Comisiei Electorale Centrale sunt \u00een conformitate cu prevederile legale. Purt\u0103torul de cuv\u00e2nt al frac\u021biunii PAS, Adriana Vlas nu ne-a r\u0103spuns pentru un comentariu.<\/p>\n<p>Exper\u021bii independen\u021bi au acuzat \u0219i anterior CEC-ul \u0219i, \u00een special, pe Pavel Postic\u0103 c\u0103 execut\u0103 voin\u021ba puterii, ac\u021bion\u00e2nd \u00een interesul acesteia: ignor\u00e2nd \u00eenc\u0103lc\u0103rile comise de PAS \u0219i \u00eempiedic\u00e2nd \u00een toate modurile posibile activitatea normal\u0103 a concuren\u021bilor s\u0103i.<\/p>\n<\/div>\n","protected":false},"excerpt":{"rendered":"<div><img decoding=\"async\" width=\"696\" height=\"319\" src=\"https:\/\/canal5.md\/wp-content\/uploads\/2025\/02\/photo_2025-02-07_09-04-21-1024x470-optimized.jpg\" class=\"attachment-large size-large wp-post-image\" alt=\"\" loading=\"lazy\" srcset=\"https:\/\/canal5.md\/wp-content\/uploads\/2025\/02\/photo_2025-02-07_09-04-21-1024x470-optimized.jpg 1024w, https:\/\/canal5.md\/wp-content\/uploads\/2025\/02\/photo_2025-02-07_09-04-21-300x138-optimized.jpg 300w, https:\/\/canal5.md\/wp-content\/uploads\/2025\/02\/photo_2025-02-07_09-04-21-768x353-optimized.jpg 768w, https:\/\/canal5.md\/wp-content\/uploads\/2025\/02\/photo_2025-02-07_09-04-21-696x320-optimized.jpg 696w, https:\/\/canal5.md\/wp-content\/uploads\/2025\/02\/photo_2025-02-07_09-04-21-optimized.jpg 1052w\">Partidul Politic \u201e\u0218ans\u0103\u201d ar putea fi dizolvat. O sesizare \u00een acest sens a fost expediat\u0103 de Comisia Electoral\u0103 Central\u0103 Ministerului Justi\u021biei. Argumentul \u00eenaintat de CEC este nerespectarea raport\u0103rii financiare \u00een decurs de un an. Liderul forma\u021biunii, Alexei Lungu, respinge acuza\u021biile \u0219i spune c\u0103 va ataca decizia \u00een toate instan\u021bele superioare din \u021bar\u0103 \u0219i din str\u0103in\u0103tate. [\u2026]<\/div>\n","protected":false},"author":1,"featured_media":66623,"comment_status":"closed","ping_status":"closed","sticky":false,"template":"","format":"standard","meta":{"jnews-multi-image_gallery":[],"jnews_single_post":[],"jnews_primary_category":[],"jnews_social_meta":[],"jnews_override_counter":[],"footnotes":""},"categories":[23],"tags":[],"class_list":["post-66622","post","type-post","status-publish","format-standard","has-post-thumbnail","hentry","category-politica_ro"],"_links":{"self":[{"href":"https:\/\/orheifm.live\/index.php\/wp-json\/wp\/v2\/posts\/66622","targetHints":{"allow":["GET"]}}],"collection":[{"href":"https:\/\/orheifm.live\/index.php\/wp-json\/wp\/v2\/posts"}],"about":[{"href":"https:\/\/orheifm.live\/index.php\/wp-json\/wp\/v2\/types\/post"}],"author":[{"embeddable":true,"href":"https:\/\/orheifm.live\/index.php\/wp-json\/wp\/v2\/users\/1"}],"replies":[{"embeddable":true,"href":"https:\/\/orheifm.live\/index.php\/wp-json\/wp\/v2\/comments?post=66622"}],"version-history":[{"count":0,"href":"https:\/\/orheifm.live\/index.php\/wp-json\/wp\/v2\/posts\/66622\/revisions"}],"wp:featuredmedia":[{"embeddable":true,"href":"https:\/\/orheifm.live\/index.php\/wp-json\/wp\/v2\/media\/66623"}],"wp:attachment":[{"href":"https:\/\/orheifm.live\/index.php\/wp-json\/wp\/v2\/media?parent=66622"}],"wp:term":[{"taxonomy":"category","embeddable":true,"href":"https:\/\/orheifm.live\/index.php\/wp-json\/wp\/v2\/categories?post=66622"},{"taxonomy":"post_tag","embeddable":true,"href":"https:\/\/orheifm.live\/index.php\/wp-json\/wp\/v2\/tags?post=66622"}],"curies":[{"name":"wp","href":"https:\/\/api.w.org\/{rel}","templated":true}]}}