{"id":66620,"date":"2025-02-07T14:40:19","date_gmt":"2025-02-07T12:40:19","guid":{"rendered":"https:\/\/orheifm.live\/index.php\/2025\/02\/07\/produse-interzise-descoperite-intr-o-valiza-la-vama-palanca\/"},"modified":"2025-02-07T14:40:19","modified_gmt":"2025-02-07T12:40:19","slug":"produse-interzise-descoperite-intr-o-valiza-la-vama-palanca","status":"publish","type":"post","link":"https:\/\/orheifm.live\/index.php\/2025\/02\/07\/produse-interzise-descoperite-intr-o-valiza-la-vama-palanca\/","title":{"rendered":"Produse interzise descoperite \u00eentr-o valiz\u0103 la vama Palanca"},"content":{"rendered":"<div>\n<p><strong>La vama Palanca, a fost descoperit un lot de preparate injectabile nedeclarate care urmau s\u0103 ajung\u0103 ilegal \u00een Republica Moldova. <\/strong><\/p>\n<p>Incidentul a avut loc la controlul unui autocar \u201eMercedes-Benz\u201d care se deplasa pe ruta Odesa-Chi\u0219in\u0103u. \u00cen urma unui control detaliat al bagajelor pasagerilor, \u00eentr-o valiz\u0103 a fost g\u0103sit\u0103 cantitatea de medicamente injectabile.<\/p>\n<p>Persoana implicat\u0103, un cet\u0103\u021bean str\u0103in \u00een v\u00e2rst\u0103 de 64 de ani, risc\u0103 o sanc\u021biune contraven\u021bional\u0103. Produsele au fost ridicate \u0219i urmeaz\u0103 s\u0103 fie confiscate.<\/p>\n<\/div>\n","protected":false},"excerpt":{"rendered":"<div><img loading=\"lazy\" decoding=\"async\" width=\"696\" height=\"392\" src=\"https:\/\/canal5.md\/wp-content\/uploads\/2025\/02\/1843e746262bb8ffcce55d782bc93003-optimized.jpg\" class=\"attachment-large size-large wp-post-image\" alt=\"\" srcset=\"https:\/\/canal5.md\/wp-content\/uploads\/2025\/02\/1843e746262bb8ffcce55d782bc93003-optimized.jpg 809w, https:\/\/canal5.md\/wp-content\/uploads\/2025\/02\/1843e746262bb8ffcce55d782bc93003-300x169-optimized.jpg 300w, https:\/\/canal5.md\/wp-content\/uploads\/2025\/02\/1843e746262bb8ffcce55d782bc93003-768x433-optimized.jpg 768w, https:\/\/canal5.md\/wp-content\/uploads\/2025\/02\/1843e746262bb8ffcce55d782bc93003-696x392-optimized.jpg 696w\">La vama Palanca, a fost descoperit un lot de preparate injectabile nedeclarate care urmau s\u0103 ajung\u0103 ilegal \u00een Republica Moldova. Incidentul a avut loc la controlul unui autocar \u201eMercedes-Benz\u201d care se deplasa pe ruta Odesa-Chi\u0219in\u0103u. \u00cen urma unui control detaliat al bagajelor pasagerilor, \u00eentr-o valiz\u0103 a fost g\u0103sit\u0103 cantitatea de medicamente injectabile. Persoana implicat\u0103, un [\u2026]<\/div>\n","protected":false},"author":1,"featured_media":66621,"comment_status":"closed","ping_status":"closed","sticky":false,"template":"","format":"standard","meta":{"jnews-multi-image_gallery":[],"jnews_single_post":[],"jnews_primary_category":[],"jnews_social_meta":[],"jnews_override_counter":[],"footnotes":""},"categories":[30],"tags":[],"class_list":["post-66620","post","type-post","status-publish","format-standard","has-post-thumbnail","hentry","category-social_ro"],"_links":{"self":[{"href":"https:\/\/orheifm.live\/index.php\/wp-json\/wp\/v2\/posts\/66620","targetHints":{"allow":["GET"]}}],"collection":[{"href":"https:\/\/orheifm.live\/index.php\/wp-json\/wp\/v2\/posts"}],"about":[{"href":"https:\/\/orheifm.live\/index.php\/wp-json\/wp\/v2\/types\/post"}],"author":[{"embeddable":true,"href":"https:\/\/orheifm.live\/index.php\/wp-json\/wp\/v2\/users\/1"}],"replies":[{"embeddable":true,"href":"https:\/\/orheifm.live\/index.php\/wp-json\/wp\/v2\/comments?post=66620"}],"version-history":[{"count":0,"href":"https:\/\/orheifm.live\/index.php\/wp-json\/wp\/v2\/posts\/66620\/revisions"}],"wp:featuredmedia":[{"embeddable":true,"href":"https:\/\/orheifm.live\/index.php\/wp-json\/wp\/v2\/media\/66621"}],"wp:attachment":[{"href":"https:\/\/orheifm.live\/index.php\/wp-json\/wp\/v2\/media?parent=66620"}],"wp:term":[{"taxonomy":"category","embeddable":true,"href":"https:\/\/orheifm.live\/index.php\/wp-json\/wp\/v2\/categories?post=66620"},{"taxonomy":"post_tag","embeddable":true,"href":"https:\/\/orheifm.live\/index.php\/wp-json\/wp\/v2\/tags?post=66620"}],"curies":[{"name":"wp","href":"https:\/\/api.w.org\/{rel}","templated":true}]}}