{"id":66612,"date":"2025-02-07T12:55:44","date_gmt":"2025-02-07T10:55:44","guid":{"rendered":"https:\/\/orheifm.live\/index.php\/2025\/02\/07\/grupul-parlamentar-victorie-a-cerut-apararea-memoriei-eroilor-razboiului\/"},"modified":"2025-02-07T12:55:44","modified_gmt":"2025-02-07T10:55:44","slug":"grupul-parlamentar-victorie-a-cerut-apararea-memoriei-eroilor-razboiului","status":"publish","type":"post","link":"https:\/\/orheifm.live\/index.php\/2025\/02\/07\/grupul-parlamentar-victorie-a-cerut-apararea-memoriei-eroilor-razboiului\/","title":{"rendered":"Grupul parlamentar \u201eVictorie\u201d a cerut ap\u0103rarea memoriei eroilor r\u0103zboiului"},"content":{"rendered":"<div>\n<p><strong>Pre\u0219edintele grupului parlamentar \u201eVictorie\u201d, Vasile Bolea, a prezentat \u00een parlament o declara\u021bie despre p\u0103strarea memoriei istorice \u0219i respectul faptelor eroice ale solda\u021bilor Armatei Ro\u0219ii. \u00cen discursul s\u0103u, el a subliniat c\u0103 memoria eroilor, care \u0219i-au dat via\u021ba pentru libertate \u0219i independen\u021b\u0103 \u00een timpul celui de-al Doilea R\u0103zboi Mondial, trebuie s\u0103 r\u0103m\u00e2n\u0103 intact\u0103.<\/strong><\/p>\n<p>\u201eEste important s\u0103 p\u0103str\u0103m adev\u0103rul istoric \u0219i s\u0103-l transmitem genera\u021biilor viitoare prin educa\u021bie, evenimente culturale \u0219i, desigur, prin tradi\u021bii de familie. Trebuie s\u0103 con\u0219tientiz\u0103m c\u0103 memoria eroilor este fundamentul identit\u0103\u021bii na\u021bionale, unindu-ne \u00een jurul aspira\u021biei de pace \u0219i justi\u021bie\u201d, a spus Vasile Bolea.<\/p>\n<p>El a subliniat c\u0103 p\u0103strarea memoriei necesit\u0103 implicarea societ\u0103\u021bii \u00een evenimentele dedicate celui de-al Doilea R\u0103zboi Mondial, vizitarea muzeelor, memorialelor, precum \u0219i implementarea tehnologiilor moderne pentru studierea istoriei. Este important s\u0103 cre\u0103m arhive digitale, tururi virtuale \u0219i proiecte educa\u021bionale, pentru ca tinerii s\u0103 \u00een\u021beleag\u0103 mai bine semnifica\u021bia eroismului Armatei Ro\u0219ii, \u00een r\u00e2ndurile c\u0103reia au luptat peste 300.000 de cet\u0103\u021beni ai Moldovei.<\/p>\n<p>O aten\u021bie deosebit\u0103 \u00een declara\u021bie este acordat\u0103 opera\u021biunii Ia\u0219i-Chi\u0219in\u0103u, care a devenit una dintre cele zece lovituri strategice ale Armatei Ro\u0219ii \u0219i a dus la eliberarea Moldovei sovietice de fasci\u0219ti, precum \u0219i la ie\u0219irea Rom\u00e2niei din r\u0103zboi. \u00cen ciuda particip\u0103rii Rom\u00e2niei de partea lui Hitler, regele Mihai I a reu\u0219it s\u0103 \u00eentoarc\u0103 armata \u00eempotriva nazi\u0219tilor, \u0219i pentru aceasta a fost decorat de Stalin cu Ordinul Victoriei.<\/p>\n<p>\u201eSuntem datori ne amintim de adev\u0103ra\u021bii eroi \u2013 de partizanul Boris Glavan, Alexei Belski, care a eliberat Chi\u0219in\u0103ul, Pavel Gladkov, generalii Tolbuhin, Malinovski, Cerniahovski. Din p\u0103cate, ei au trecut deja \u00een \u201eRegimentul Nemuritor\u201d, a subliniat Bolea.<\/p>\n<p>\u00cen declara\u021bie, grupul parlamentar \u201eVictorie\u201d a condamnat \u00eencerc\u0103rile de falsificare a istoriei \u0219i a subliniat c\u0103 niciun revizionist nu va putea s\u0103-i pun\u0103 pe aceea\u0219i linie cu adev\u0103ra\u021bii eroi pe criminali de r\u0103zboi, precum Antonescu, sau pe cei care au distrus oameni \u00een lag\u0103rele mor\u021bii.<\/p>\n<\/div>\n","protected":false},"excerpt":{"rendered":"<div><img loading=\"lazy\" decoding=\"async\" width=\"696\" height=\"389\" src=\"https:\/\/canal5.md\/wp-content\/uploads\/2025\/02\/photo_2025-02-07_12-54-42-1024x572-optimized.jpg\" class=\"attachment-large size-large wp-post-image\" alt=\"\" srcset=\"https:\/\/canal5.md\/wp-content\/uploads\/2025\/02\/photo_2025-02-07_12-54-42-1024x572-optimized.jpg 1024w, https:\/\/canal5.md\/wp-content\/uploads\/2025\/02\/photo_2025-02-07_12-54-42-300x168-optimized.jpg 300w, https:\/\/canal5.md\/wp-content\/uploads\/2025\/02\/photo_2025-02-07_12-54-42-768x429-optimized.jpg 768w, https:\/\/canal5.md\/wp-content\/uploads\/2025\/02\/photo_2025-02-07_12-54-42-696x389-optimized.jpg 696w, https:\/\/canal5.md\/wp-content\/uploads\/2025\/02\/photo_2025-02-07_12-54-42-optimized.jpg 1036w\">Pre\u0219edintele grupului parlamentar \u201eVictorie\u201d, Vasile Bolea, a prezentat \u00een parlament o declara\u021bie despre p\u0103strarea memoriei istorice \u0219i respectul faptelor eroice ale solda\u021bilor Armatei Ro\u0219ii. \u00cen discursul s\u0103u, el a subliniat c\u0103 memoria eroilor, care \u0219i-au dat via\u021ba pentru libertate \u0219i independen\u021b\u0103 \u00een timpul celui de-al Doilea R\u0103zboi Mondial, trebuie s\u0103 r\u0103m\u00e2n\u0103 intact\u0103. \u201eEste important s\u0103 [\u2026]<\/div>\n","protected":false},"author":1,"featured_media":66613,"comment_status":"closed","ping_status":"closed","sticky":false,"template":"","format":"standard","meta":{"jnews-multi-image_gallery":[],"jnews_single_post":[],"jnews_primary_category":[],"jnews_social_meta":[],"jnews_override_counter":[],"footnotes":""},"categories":[23],"tags":[],"class_list":["post-66612","post","type-post","status-publish","format-standard","has-post-thumbnail","hentry","category-politica_ro"],"_links":{"self":[{"href":"https:\/\/orheifm.live\/index.php\/wp-json\/wp\/v2\/posts\/66612","targetHints":{"allow":["GET"]}}],"collection":[{"href":"https:\/\/orheifm.live\/index.php\/wp-json\/wp\/v2\/posts"}],"about":[{"href":"https:\/\/orheifm.live\/index.php\/wp-json\/wp\/v2\/types\/post"}],"author":[{"embeddable":true,"href":"https:\/\/orheifm.live\/index.php\/wp-json\/wp\/v2\/users\/1"}],"replies":[{"embeddable":true,"href":"https:\/\/orheifm.live\/index.php\/wp-json\/wp\/v2\/comments?post=66612"}],"version-history":[{"count":0,"href":"https:\/\/orheifm.live\/index.php\/wp-json\/wp\/v2\/posts\/66612\/revisions"}],"wp:featuredmedia":[{"embeddable":true,"href":"https:\/\/orheifm.live\/index.php\/wp-json\/wp\/v2\/media\/66613"}],"wp:attachment":[{"href":"https:\/\/orheifm.live\/index.php\/wp-json\/wp\/v2\/media?parent=66612"}],"wp:term":[{"taxonomy":"category","embeddable":true,"href":"https:\/\/orheifm.live\/index.php\/wp-json\/wp\/v2\/categories?post=66612"},{"taxonomy":"post_tag","embeddable":true,"href":"https:\/\/orheifm.live\/index.php\/wp-json\/wp\/v2\/tags?post=66612"}],"curies":[{"name":"wp","href":"https:\/\/api.w.org\/{rel}","templated":true}]}}