{"id":66607,"date":"2025-02-07T12:28:57","date_gmt":"2025-02-07T10:28:57","guid":{"rendered":"https:\/\/orheifm.live\/index.php\/2025\/02\/07\/barbat-din-ungheni-condamnat-la-14-ani-de-inchisoare-pentru-omor\/"},"modified":"2025-02-07T12:28:57","modified_gmt":"2025-02-07T10:28:57","slug":"barbat-din-ungheni-condamnat-la-14-ani-de-inchisoare-pentru-omor","status":"publish","type":"post","link":"https:\/\/orheifm.live\/index.php\/2025\/02\/07\/barbat-din-ungheni-condamnat-la-14-ani-de-inchisoare-pentru-omor\/","title":{"rendered":"B\u0103rbat din Ungheni, condamnat la 14 ani de \u00eenchisoare pentru omor"},"content":{"rendered":"<div>\n<p data-sourcepos=\"1:1-1:530\"><strong>Conform unui comunicat al Procuraturii Generale, un individ a fost condamnat la 14 ani de \u00eenchisoare pentru un incident tragic petrecut \u00een localitatea Costuleni, raionul Ungheni, la data de 10 iulie 2024. \u00cen jurul orei 19:00, \u00een urma unui consum de alcool, acesta a avut un conflict cu un alt b\u0103rbat la domiciliul acestuia din urm\u0103. Conflictul a escaladat, inculpatul aplic\u00e2nd lovituri cu picioarele \u0219i cu un obiect metalic \u00een zona capului victimei, cauz\u00e2ndu-i leziuni grave. Din nefericire, victima a decedat la spital a doua zi.<\/strong><\/p>\n<p data-sourcepos=\"3:1-3:271\">Autorul acestui act de violen\u021b\u0103, un b\u0103rbat \u00een v\u00e2rst\u0103 de 41 de ani din raionul Ungheni, a fost g\u0103sit vinovat de v\u0103t\u0103mare inten\u021bionat\u0103 grav\u0103 a integrit\u0103\u021bii corporale, fapt ce a dus la decesul victimei. Sentin\u021ba prevede executarea pedepsei \u00eentr-un penitenciar de tip \u00eenchis.<\/p>\n<p data-sourcepos=\"5:1-5:172\">\u00cen timpul anchetei, inculpatul a pledat nevinovat. Se men\u021bioneaz\u0103 c\u0103 acesta nu este la prima abatere de ordin penal, av\u00e2nd condamn\u0103ri anterioare pentru diverse infrac\u021biuni.<\/p>\n<p data-sourcepos=\"7:1-7:135\">Este important de men\u021bionat c\u0103 sentin\u021ba nu este definitiv\u0103 \u0219i poate fi atacat\u0103 cu apel \u00een termen de 15 zile la Curtea de Apel Chi\u0219in\u0103u.<\/p>\n<p data-sourcepos=\"9:1-9:170\">Conform legii, orice persoan\u0103 acuzat\u0103 de s\u0103v\u00e2r\u0219irea unei infrac\u021biuni este considerat\u0103 nevinovat\u0103 p\u00e2n\u0103 la pronun\u021barea unei hot\u0103r\u00e2ri judec\u0103tore\u0219ti definitive de condamnare.<\/p>\n<\/div>\n","protected":false},"excerpt":{"rendered":"<div><img loading=\"lazy\" decoding=\"async\" width=\"696\" height=\"392\" src=\"https:\/\/canal5.md\/wp-content\/uploads\/2025\/02\/963b42d46b4023e0cfe25feb4fa8cbf6-optimized.jpg\" class=\"attachment-large size-large wp-post-image\" alt=\"\" srcset=\"https:\/\/canal5.md\/wp-content\/uploads\/2025\/02\/963b42d46b4023e0cfe25feb4fa8cbf6-optimized.jpg 809w, https:\/\/canal5.md\/wp-content\/uploads\/2025\/02\/963b42d46b4023e0cfe25feb4fa8cbf6-300x169-optimized.jpg 300w, https:\/\/canal5.md\/wp-content\/uploads\/2025\/02\/963b42d46b4023e0cfe25feb4fa8cbf6-768x433-optimized.jpg 768w, https:\/\/canal5.md\/wp-content\/uploads\/2025\/02\/963b42d46b4023e0cfe25feb4fa8cbf6-696x392-optimized.jpg 696w\">Conform unui comunicat al Procuraturii Generale, un individ a fost condamnat la 14 ani de \u00eenchisoare pentru un incident tragic petrecut \u00een localitatea Costuleni, raionul Ungheni, la data de 10 iulie 2024. \u00cen jurul orei 19:00, \u00een urma unui consum de alcool, acesta a avut un conflict cu un alt b\u0103rbat la domiciliul acestuia din [\u2026]<\/div>\n","protected":false},"author":1,"featured_media":66608,"comment_status":"closed","ping_status":"closed","sticky":false,"template":"","format":"standard","meta":{"jnews-multi-image_gallery":[],"jnews_single_post":[],"jnews_primary_category":[],"jnews_social_meta":[],"jnews_override_counter":[],"footnotes":""},"categories":[23],"tags":[],"class_list":["post-66607","post","type-post","status-publish","format-standard","has-post-thumbnail","hentry","category-politica_ro"],"_links":{"self":[{"href":"https:\/\/orheifm.live\/index.php\/wp-json\/wp\/v2\/posts\/66607","targetHints":{"allow":["GET"]}}],"collection":[{"href":"https:\/\/orheifm.live\/index.php\/wp-json\/wp\/v2\/posts"}],"about":[{"href":"https:\/\/orheifm.live\/index.php\/wp-json\/wp\/v2\/types\/post"}],"author":[{"embeddable":true,"href":"https:\/\/orheifm.live\/index.php\/wp-json\/wp\/v2\/users\/1"}],"replies":[{"embeddable":true,"href":"https:\/\/orheifm.live\/index.php\/wp-json\/wp\/v2\/comments?post=66607"}],"version-history":[{"count":0,"href":"https:\/\/orheifm.live\/index.php\/wp-json\/wp\/v2\/posts\/66607\/revisions"}],"wp:featuredmedia":[{"embeddable":true,"href":"https:\/\/orheifm.live\/index.php\/wp-json\/wp\/v2\/media\/66608"}],"wp:attachment":[{"href":"https:\/\/orheifm.live\/index.php\/wp-json\/wp\/v2\/media?parent=66607"}],"wp:term":[{"taxonomy":"category","embeddable":true,"href":"https:\/\/orheifm.live\/index.php\/wp-json\/wp\/v2\/categories?post=66607"},{"taxonomy":"post_tag","embeddable":true,"href":"https:\/\/orheifm.live\/index.php\/wp-json\/wp\/v2\/tags?post=66607"}],"curies":[{"name":"wp","href":"https:\/\/api.w.org\/{rel}","templated":true}]}}