{"id":66146,"date":"2025-01-10T14:04:21","date_gmt":"2025-01-10T12:04:21","guid":{"rendered":"https:\/\/canal5.md\/?p=66146"},"modified":"2025-01-10T14:04:21","modified_gmt":"2025-01-10T12:04:21","slug":"66146","status":"publish","type":"post","link":"https:\/\/orheifm.live\/index.php\/2025\/01\/10\/66146\/","title":{"rendered":"Majorare de tarife la energie electric\u0103 \u0219i termic\u0103: Ce va \u00eensemna pentru consumatorii moldoveni"},"content":{"rendered":"<p><strong>\u00cencep\u00e2nd cu 10 ianuarie 2025, vom achita mai mult pentru energia electric\u0103, dar \u0219i pentru c\u0103ldur\u0103. Hot\u0103r\u00e2rile ANRE cu privire la majorarea tarifelor pentru consumatorii Premier Energy, FEE Nord, Termoelectrica \u0219i CET-Nord au fost publicate \u00een Monitorul Oficial, astfel, acestea au intrat \u00een vigoare, iar asta \u00eenseamn\u0103 c\u0103, abona\u021bii Premier Energy din sudul \u0219i centrul Republicii Moldova, vor achita 4 lei \u0219i 10 bani pentru un kWh, pe c\u00e2nd consumatorii din raioanele de Nord, conecta\u021bi la FEE-Nord vor achita 4 lei \u0219i 68 de bani per kWh. <\/strong><br \/>\n<iframe loading=\"lazy\" title=\"YouTube video player\" src=\"https:\/\/www.youtube.com\/embed\/5T2HAEQLtLI?si=Ku7zuLzWSUhO97rP\" width=\"560\" height=\"315\" frameborder=\"0\" allowfullscreen=\"allowfullscreen\"><\/iframe><br \/>\nPREMIER ENERGY &#8211; 4,10 lei s\u0103geat\u0103 ro\u0219ie sus 1,76 lei FEE-NORD &#8211; 4,67 lei s\u0103geat\u0103 ro\u0219ie sus 1,83 lei<\/p>\n<p>Totodat\u0103, din data de 20 ianuarie, vor fi aplicate \u0219i tarife diferen\u021biate per ore la energia electric\u0103. La Premier Energy &#8211; 4 lei \u0219i 32 de bani pentru intervalul de timp 7:00 &#8211; 23:00 \u0219i 3 lei 31 de bani &#8211; \u00eentre orele 23:00 \u0219i 7:00, iar pentru FEE Nord &#8211; 4,89 de lei \u0219i, respectiv, 3,90 de lei. Aten\u021bie, pre\u021burile diferen\u021biate \u00een func\u021bie de orele de consum pot fi aplicate doar consumatorilor finali care dispun de echipamente de m\u0103surare cu posibilitatea \u00eenregistr\u0103rii consumului de energie electrice pe intervale orare.<\/p>\n<p>La fel, din data de 10 ianuarie, intr\u0103 \u00een vigoare \u0219i noile tarife pentru consumul de agent termic. Astfel, energia termic\u0103 livrat\u0103 de c\u0103tre SA \u201eTermoelectrica\u201d va constitui 2.510 lei pentru o Gigacalorie, \u00een cre\u0219tere cu +38%, iar o gigacalorie livrat\u0103 de \u201eCET Nord\u201d va costa 2.126 de lei &#8211; mai mult cu 17 la sut\u0103 dec\u00e2t era p\u00e2n\u0103 acum. \u00cen cazul \u201eComgaz-Plus\u201d, tariful pentru c\u0103ldur\u0103 va fi de 3.603 lei pentru o Gigacalorie, iar consumatorii \u201eRe\u021belelor \u0219i Centralelor Termice Comrat\u201d vor achita un tarif de 3.222 lei per Gigacalorie.<\/p>\n<p>NOILE TARIFE LA ENERGIA TERMIC\u0102<\/p>\n<p>S.A. \u201eTermoelectrica\u201d &#8211; 2.510 lei\/Gcal;<\/p>\n<p>S.A. \u201eCET-Nord\u201d &#8211; 2 126 lei\/Gcal;<\/p>\n<p>S.A. \u201eComgaz-Plus\u201d &#8211; 3 603 lei\/Gcal;<\/p>\n<p>\u00ce.M. \u201eRe\u021belele \u0219i Centralele Termice Comrat\u201d &#8211; 3 222 lei\/Gcal;<\/p>\n<p>Men\u021bion\u0103m c\u0103 major\u0103rile la energia electric\u0103 \u0219i cea termic\u0103 au fost precedate de scumpirea gazului cu 3 lei \u0219i 34 de bani, astfel, cet\u0103\u021benii achit\u0103 \u00een prezent 16 lei \u0219i 74 de bani pentru metrul cub.<\/p>\n<p>Toate astea, \u00een pofida faptului c\u0103, \u00een campania electoral\u0103, premierul Dorin Recean ne d\u0103dea asigur\u0103ri c\u0103 serviciile nu se vor scumpi, afirm\u00e2nd c\u0103 zvonurile ap\u0103rute \u00een spa\u021biul public referitor la major\u0103ri sunt falsuri. Exper\u021bii explic\u0103 faptul c\u0103 scumpirea gazului, a energiei electrice \u0219i termice va provoca \u00een lan\u021b cre\u0219terea pre\u021burilor la produse \u0219i servicii, iar unii priduc\u0103tori, deja au anun\u021bat c\u0103 examineaz\u0103 posibilitatea de a ridica pre\u021burile.<\/p>\n","protected":false},"excerpt":{"rendered":"<p>\u00cencep\u00e2nd cu 10 ianuarie 2025, vom achita mai mult pentru energia electric\u0103, dar \u0219i pentru c\u0103ldur\u0103. Hot\u0103r\u00e2rile ANRE cu privire la majorarea tarifelor pentru consumatorii Premier Energy, FEE Nord, Termoelectrica \u0219i CET-Nord au fost publicate \u00een Monitorul Oficial, astfel, acestea au intrat \u00een vigoare, iar asta \u00eenseamn\u0103 c\u0103, abona\u021bii Premier Energy din sudul \u0219i centrul [&hellip;]<\/p>\n","protected":false},"author":1,"featured_media":66171,"comment_status":"closed","ping_status":"closed","sticky":false,"template":"","format":"video","meta":{"jnews-multi-image_gallery":[],"jnews_single_post":[],"jnews_primary_category":[],"jnews_social_meta":[],"jnews_override_counter":[],"footnotes":""},"categories":[23],"tags":[],"class_list":["post-66146","post","type-post","status-publish","format-video","has-post-thumbnail","hentry","category-politica_ro","post_format-post-format-video"],"_links":{"self":[{"href":"https:\/\/orheifm.live\/index.php\/wp-json\/wp\/v2\/posts\/66146","targetHints":{"allow":["GET"]}}],"collection":[{"href":"https:\/\/orheifm.live\/index.php\/wp-json\/wp\/v2\/posts"}],"about":[{"href":"https:\/\/orheifm.live\/index.php\/wp-json\/wp\/v2\/types\/post"}],"author":[{"embeddable":true,"href":"https:\/\/orheifm.live\/index.php\/wp-json\/wp\/v2\/users\/1"}],"replies":[{"embeddable":true,"href":"https:\/\/orheifm.live\/index.php\/wp-json\/wp\/v2\/comments?post=66146"}],"version-history":[{"count":0,"href":"https:\/\/orheifm.live\/index.php\/wp-json\/wp\/v2\/posts\/66146\/revisions"}],"wp:featuredmedia":[{"embeddable":true,"href":"https:\/\/orheifm.live\/index.php\/wp-json\/wp\/v2\/media\/66171"}],"wp:attachment":[{"href":"https:\/\/orheifm.live\/index.php\/wp-json\/wp\/v2\/media?parent=66146"}],"wp:term":[{"taxonomy":"category","embeddable":true,"href":"https:\/\/orheifm.live\/index.php\/wp-json\/wp\/v2\/categories?post=66146"},{"taxonomy":"post_tag","embeddable":true,"href":"https:\/\/orheifm.live\/index.php\/wp-json\/wp\/v2\/tags?post=66146"}],"curies":[{"name":"wp","href":"https:\/\/api.w.org\/{rel}","templated":true}]}}