{"id":65948,"date":"2025-01-09T22:31:20","date_gmt":"2025-01-09T20:31:20","guid":{"rendered":"https:\/\/canal5.md\/?p=65948"},"modified":"2025-01-09T22:31:20","modified_gmt":"2025-01-09T20:31:20","slug":"este-posibila-revenirea-la-livrarile-de-gaze-din-partea-gazpromului-pentru-un-pret-mai-mic-cum-raspunde-la-aceasta-intrebare-eliza-valtonen-presedintele-in-exercitiu-al-osce-care-viziteaza-republica-m","status":"publish","type":"post","link":"https:\/\/orheifm.live\/index.php\/2025\/01\/09\/este-posibila-revenirea-la-livrarile-de-gaze-din-partea-gazpromului-pentru-un-pret-mai-mic-cum-raspunde-la-aceasta-intrebare-eliza-valtonen-presedintele-in-exercitiu-al-osce-care-viziteaza-republica-m\/","title":{"rendered":"Este posibil\u0103 revenirea la livr\u0103rile de gaze din partea Gazpromului pentru un pre\u021b mai mic? Cum r\u0103spunde la aceast\u0103 \u00eentrebare Eliza Valtonen, pre\u0219edintele \u00een exerci\u021biu al OSCE, care viziteaz\u0103 Republica Moldova? | VIDEO"},"content":{"rendered":"<p><strong>\u00cen contextul crizei energetice din regiunea transnistrean\u0103, ministra Afacerilor Externe a Finlandei, Elina Valtonen a efectuat o vizit\u0103 de lucru \u00een \u021bara noastr\u0103 \u00een calitate de pre\u0219edinte \u00een exerci\u021biu al Organiza\u021biei pentru Securitate \u0219i Cooperare \u00een Europa. Oficialul str\u0103in s-a \u00eent\u00e2lnit cu ministrul de Eterne, Mihai Pop\u0219oi pe care l-a asigurat c\u0103 OSCE se va implica \u00een medierea dialogului \u00eentre<\/strong><br \/>\n<iframe loading=\"lazy\" title=\"YouTube video player\" src=\"https:\/\/www.youtube.com\/embed\/m7rld-jAU0I?si=_RYgFzMkCiBm49UN\" width=\"560\" height=\"315\" frameborder=\"0\" allowfullscreen=\"allowfullscreen\"><\/iframe><\/p>\n<p>Chi\u0219in\u0103u \u0219i Tiraspol pentru a dep\u0103\u0219i criza energetic\u0103. \u00centrebat\u0103 de jurnali\u0219tii Canal 5 dac\u0103 crede c\u0103 partea moldoveneasc\u0103 ar trebui s\u0103 reia negocierile cu Gazprom pentru un pre\u021b mai redus la gaze \u0219i lumin\u0103, Elina Valtonen a declarat c\u0103 \u201dnu are de g\u00e2nd s\u0103 ofere sfaturi autorit\u0103\u021bilor noastre\u201d cu cine \u0219i ce s\u0103 negocieze.<\/p>\n<p>Oficialul str\u0103in a mai ad\u0103ugat c\u0103 Rusia folose\u0219te criza energetic\u0103 din Transnistria drept un \u0219antaj de a submina statalitatea economic\u0103 \u0219i politic\u0103 a RM \u0219i a dat asigur\u0103ri c\u0103 Finlanda va sprijini \u021bara noastr\u0103 pentru a face fa\u021b\u0103 crizei, \u00eens\u0103 nu a spus cum anume se va \u00eent\u00e2mpla acest lucru. Ministra de Externe a Finlandei a mers \u0219i \u00een regiunea transnistrean\u0103, unde a avut o \u00eentrevedere cu liderul de la Tiraspol.<\/p>\n<p>\u00cen timpul unei conferin\u021be de pres\u0103 organizat\u0103 la sediul Ministerului Afacerilor Externe, la care a participat pre\u0219edintele \u00een exerci\u021biu al OSCE, ministrul afacerilor externe al Finlandei, Elina Valtonen \u0219i ministrul de externe al Republicii Moldova, Mihai Pop\u0219oi, jurnali\u0219tii Canal 5 au vrut s\u0103 afle de la oficialul str\u0103in dac\u0103 crede c\u0103 autorit\u0103\u021bilor moldovene\u0219ti ar trebui s\u0103 negocieze cu partea rus\u0103 gaze \u0219i lumin\u0103 la pre\u021buri mai ieftine pentru consumatori, dar \u0219i dac\u0103 este necesar ca RM s\u0103 g\u0103seasc\u0103 un compromis pentru a rezolva problema datoriei nerecunoscut\u0103 de \u021bara noastr\u0103 c\u0103tre Gazprom, deorece procurarea gazelor \u0219i energiei electrice la pre\u021buri ridicate duce la s\u0103r\u0103cirea popula\u021biei \u0219i cre\u0219terea infla\u021biei a\u0219a cum avertizeaz\u0103 \u0219i exper\u021bii.<\/p>\n<p>Oficialul str\u0103in a ridicat din umeri \u0219i a spus c\u0103 nu este \u00eemputernicit\u0103 s\u0103 ofere sfaturi Moldovei cu privire la negocieri, dar a acuzat Rusia c\u0103 folose\u0219te criza energetic\u0103 drept o arm\u0103 \u00eempotriva Moldovei, f\u0103r\u0103 a veni cu argumente.<\/p>\n<p>ELINA VALTONEN, pre\u0219edintelui \u00een exerci\u021biu al OSCE, ministrului afacerilor externe al Finlandei<\/p>\n<p>Nu sunt aici s\u0103 vin cu sfaturi cu referire la negocieri concrete cu prestatorii de energie. Pot s\u0103 v\u0103 spun doar c\u0103, din p\u0103cate, \u00een ultimii ani avem experien\u021b\u0103, \u00een ultimii ani \u0219i ultimii decenii Rusia prin interpu\u0219ii s\u0103i, inclusiv Gazprom foarte activ folose\u0219te energia ca o arm\u0103. Eu presupun, este doar o presupunere c\u0103 momentul acesta de \u00eentrerupere a furniz\u0103rii de gaze, vine cu c\u00e2teva luni \u00eenainte de alegerile parlamentare&#8230; m\u0103 rog, iar\u0103\u0219i, este doar o specula\u021bie.<\/p>\n<p>Pre\u0219edintele \u00een exerci\u021biu al OSCE a dat vina pe Rusia de criza energetic\u0103 din \u021bar\u0103 \u0219i a dat asigur\u0103ri c\u0103 Finlanda este dispus\u0103 s\u0103 ajute Republica Moldova pentru a face fa\u021b\u0103 crizei energetice, \u00eens\u0103 nu a spus cum anume.<\/p>\n<p>ELINA VALTONEN, pre\u0219edintelui \u00een exerci\u021biu al OSCE, ministrului afacerilor externe al Finlandei<\/p>\n<p>Suntem aici pentru a v\u0103 sprijini \u00een aceast\u0103 situa\u021bie actual\u0103, critic\u0103 din punct de vedere energetic. Decizia Gazpromului de a stopa furnizarea de gaze \u00een Republica Moldova vine s\u0103 submineze stabilitatea economic\u0103 \u0219i politic\u0103 a \u021b\u0103rii dvs. S\u0103 sl\u0103beasc\u0103 securitatea \u00een \u00eentreaga regiune.<\/p>\n<p>\u00cempreun\u0103 cu colegii mei din \u021b\u0103rile Nordice \u0219i Baltice am adoptat o declara\u021bie comun\u0103 cu privire la criza energetic\u0103 din Moldova cu dou\u0103 zile \u00een urm\u0103. \u00cen aceast\u0103 declara\u021bie chem\u0103m la cooperare cu Comisia European\u0103 \u0219i cu al\u021bi parteneri \u0219i exprim\u0103m suport pentru sectorul energetic al dumneavoastr\u0103.<\/p>\n<p>De asemenea, ministrului afacerilor externe al Finlandei a declarat c\u0103 OSCE va media dialogul dintre Chi\u0219in\u0103u \u0219i Tiraspol \u00een vederea g\u0103sirii unui numitor comun pentru a ajuta popula\u021bia contextul crizei energetice. Elina Valtonen a efectuat \u0219i o vizit\u0103 \u00een Transnistria unde s-a \u00eent\u00e2lnit cu liderul de la Tiraspol, Vadim Krasnoselski.<\/p>\n<p>Presa din regiune scris c\u0103 oficialul str\u0103in \u0219i-a exprimat disponibilitatea de a nu \u00eempiedica reluarea livr\u0103rilor de gaze ruse\u0219ti c\u0103tre Transnistria, dar nici cum o va ajuta nu a men\u021bionat.<\/p>\n<p>La r\u00e2ndul s\u0103u, liderul de la Tiraspol a subliniat c\u0103 \u201dsitua\u021bia din sectorul energetic are dou\u0103 componente: politic\u0103 \u0219i economic\u0103. Acestea sunt absen\u021ba unui proces de negocieri cu Moldova \u0219i \u201eatitudinea incorect\u0103 a Moldovagaz \u00een raport cu obliga\u021biile sale fa\u021b\u0103 de Gazprom\u201d.<\/p>\n<p>Pre\u0219edintele a subliniat, de asemenea, c\u0103 este necesar s\u0103 se caute o solu\u021bie pe termen lung la criza energetic\u0103, dec\u00e2t o solu\u021bie lunar\u0103\u201d \u0219i este de competen\u021ba OSCE s\u0103 contribuie la g\u0103sirea acestei solu\u021bii.<\/p>\n<p>\u00cen timpul conferin\u021bei de pres\u0103 sus\u021binut\u0103 la Chi\u0219in\u0103u, Elina Valtonen a mai declarat c\u0103 \u00een timpul mandatului s\u0103u de pre\u0219edinte \u00een exerci\u021biu al OSCE, \u00ee\u0219i va reafirma angajamentul pentru solu\u021bionarea conflictului transnistrean pe cale pa\u0219nic\u0103.<\/p>\n","protected":false},"excerpt":{"rendered":"<p>\u00cen contextul crizei energetice din regiunea transnistrean\u0103, ministra Afacerilor Externe a Finlandei, Elina Valtonen a efectuat o vizit\u0103 de lucru \u00een \u021bara noastr\u0103 \u00een calitate de pre\u0219edinte \u00een exerci\u021biu al Organiza\u021biei pentru Securitate \u0219i Cooperare \u00een Europa. Oficialul str\u0103in s-a \u00eent\u00e2lnit cu ministrul de Eterne, Mihai Pop\u0219oi pe care l-a asigurat c\u0103 OSCE se va [&hellip;]<\/p>\n","protected":false},"author":1,"featured_media":63231,"comment_status":"closed","ping_status":"closed","sticky":false,"template":"","format":"video","meta":{"jnews-multi-image_gallery":[],"jnews_single_post":[],"jnews_primary_category":[],"jnews_social_meta":[],"jnews_override_counter":[],"footnotes":""},"categories":[23],"tags":[],"class_list":["post-65948","post","type-post","status-publish","format-video","has-post-thumbnail","hentry","category-politica_ro","post_format-post-format-video"],"_links":{"self":[{"href":"https:\/\/orheifm.live\/index.php\/wp-json\/wp\/v2\/posts\/65948","targetHints":{"allow":["GET"]}}],"collection":[{"href":"https:\/\/orheifm.live\/index.php\/wp-json\/wp\/v2\/posts"}],"about":[{"href":"https:\/\/orheifm.live\/index.php\/wp-json\/wp\/v2\/types\/post"}],"author":[{"embeddable":true,"href":"https:\/\/orheifm.live\/index.php\/wp-json\/wp\/v2\/users\/1"}],"replies":[{"embeddable":true,"href":"https:\/\/orheifm.live\/index.php\/wp-json\/wp\/v2\/comments?post=65948"}],"version-history":[{"count":0,"href":"https:\/\/orheifm.live\/index.php\/wp-json\/wp\/v2\/posts\/65948\/revisions"}],"wp:featuredmedia":[{"embeddable":true,"href":"https:\/\/orheifm.live\/index.php\/wp-json\/wp\/v2\/media\/63231"}],"wp:attachment":[{"href":"https:\/\/orheifm.live\/index.php\/wp-json\/wp\/v2\/media?parent=65948"}],"wp:term":[{"taxonomy":"category","embeddable":true,"href":"https:\/\/orheifm.live\/index.php\/wp-json\/wp\/v2\/categories?post=65948"},{"taxonomy":"post_tag","embeddable":true,"href":"https:\/\/orheifm.live\/index.php\/wp-json\/wp\/v2\/tags?post=65948"}],"curies":[{"name":"wp","href":"https:\/\/api.w.org\/{rel}","templated":true}]}}