{"id":65944,"date":"2025-01-09T22:25:29","date_gmt":"2025-01-09T20:25:29","guid":{"rendered":"https:\/\/canal5.md\/?p=65944"},"modified":"2025-01-09T22:25:29","modified_gmt":"2025-01-09T20:25:29","slug":"a-fost-anuntata-data-noilor-alegeri-prezidentiale-din-romania-iar-calin-georgescu-ar-putea-fi-exclus-din-cursa","status":"publish","type":"post","link":"https:\/\/orheifm.live\/index.php\/2025\/01\/09\/a-fost-anuntata-data-noilor-alegeri-prezidentiale-din-romania-iar-calin-georgescu-ar-putea-fi-exclus-din-cursa\/","title":{"rendered":"A fost anun\u021bat\u0103 data noilor alegeri preziden\u021biale din Rom\u00e2nia, iar C\u0103lin Georgescu ar putea fi exclus din curs\u0103"},"content":{"rendered":"<p><strong>Alegerile repetate pentru pre\u0219edin\u021bia Rom\u00e2niei vor avea loc \u00een aceast\u0103 prim\u0103var\u0103. Primul tur este programat pentru data de 4 mai. Al doilea, dac\u0103 va fi necesar, va avea loc pe 18. Decizia a fost luat\u0103 la prima \u0219edin\u021b\u0103 din acest an a coali\u021biei guvernamentale.<\/strong><br \/>\n<iframe loading=\"lazy\" title=\"YouTube video player\" src=\"https:\/\/www.youtube.com\/embed\/_PQk2xf0JbI?si=tdHLNAQj4Xg-7qBk\" width=\"560\" height=\"315\" frameborder=\"0\" allowfullscreen=\"allowfullscreen\"><\/iframe><\/p>\n<p>Pre\u0219edintele demisionar al \u021b\u0103rii vecine, Klaus Iohannis, va r\u0103m\u00e2ne \u00een func\u021bie p\u00e2n\u0103 la scrutinul din mai. Reamintim c\u0103 alegerile din 24 noiembrie anul trecut au fost anulate din cauza ingerin\u021belor str\u0103ine. A\u0219a a decis Curtea Constitu\u021bional\u0103, care a instruit noul guvern de coali\u021bie s\u0103 le organizeze din nou \u00een \u00eentregime.<\/p>\n<p>Primul tur a fost c\u00e2\u0219tigat de candidatul independent C\u0103lin Georgescu, care a ob\u021binut aproape 23 la sut\u0103 din voturi. Liderul partidului de centru-dreapta Uniunea Salva\u021bi Rom\u00e2nia, Elena Lasconi, s-a clasat pe locul al doilea, cu pu\u021bin peste 19%.<\/p>\n<p>Ace\u0219tia urmau s\u0103 participe la turul al doilea al alegerilor din 8 decembrie. Cu toate acestea, la 6 decembrie, o instan\u021b\u0103 a anulat \u00eentregul proces electoral \u0219i a dispus organizarea unui nou scrutin.<\/p>\n<p>Decizia a fost luat\u0103 dup\u0103 ce au fost declasificate documente care sus\u021bineau c\u0103 Georgescu \u0219i-ar fi finan\u021bat ilegal campania \u0219i c\u0103 ar fi existat, de asemenea, atacuri cibernetice asupra infrastructurii digitale utilizate \u00een procesul electoral. Nu se \u0219tie \u00eenc\u0103 dac\u0103 Georgescu va putea candida la alegerile din mai.<\/p>\n<p>Participarea sa depinde de decizia Cur\u021bii Constitu\u021bionale, care \u00eel poate priva de acest drept din cauza acuza\u021biilor de finan\u021bare ilegal\u0103 a campaniei electorale. Cele trei partide din coali\u021bia guvernamental\u0103 au declarat deja c\u0103 inten\u021bioneaz\u0103 s\u0103 sus\u021bin\u0103 un singur candidat, fostul lider PNL &#8211; Crin Antonescu.<\/p>\n","protected":false},"excerpt":{"rendered":"<p>Alegerile repetate pentru pre\u0219edin\u021bia Rom\u00e2niei vor avea loc \u00een aceast\u0103 prim\u0103var\u0103. Primul tur este programat pentru data de 4 mai. Al doilea, dac\u0103 va fi necesar, va avea loc pe 18. Decizia a fost luat\u0103 la prima \u0219edin\u021b\u0103 din acest an a coali\u021biei guvernamentale. Pre\u0219edintele demisionar al \u021b\u0103rii vecine, Klaus Iohannis, va r\u0103m\u00e2ne \u00een func\u021bie [&hellip;]<\/p>\n","protected":false},"author":1,"featured_media":48049,"comment_status":"closed","ping_status":"closed","sticky":false,"template":"","format":"video","meta":{"jnews-multi-image_gallery":[],"jnews_single_post":[],"jnews_primary_category":[],"jnews_social_meta":[],"jnews_override_counter":[],"footnotes":""},"categories":[23],"tags":[],"class_list":["post-65944","post","type-post","status-publish","format-video","has-post-thumbnail","hentry","category-politica_ro","post_format-post-format-video"],"_links":{"self":[{"href":"https:\/\/orheifm.live\/index.php\/wp-json\/wp\/v2\/posts\/65944","targetHints":{"allow":["GET"]}}],"collection":[{"href":"https:\/\/orheifm.live\/index.php\/wp-json\/wp\/v2\/posts"}],"about":[{"href":"https:\/\/orheifm.live\/index.php\/wp-json\/wp\/v2\/types\/post"}],"author":[{"embeddable":true,"href":"https:\/\/orheifm.live\/index.php\/wp-json\/wp\/v2\/users\/1"}],"replies":[{"embeddable":true,"href":"https:\/\/orheifm.live\/index.php\/wp-json\/wp\/v2\/comments?post=65944"}],"version-history":[{"count":0,"href":"https:\/\/orheifm.live\/index.php\/wp-json\/wp\/v2\/posts\/65944\/revisions"}],"wp:featuredmedia":[{"embeddable":true,"href":"https:\/\/orheifm.live\/index.php\/wp-json\/wp\/v2\/media\/48049"}],"wp:attachment":[{"href":"https:\/\/orheifm.live\/index.php\/wp-json\/wp\/v2\/media?parent=65944"}],"wp:term":[{"taxonomy":"category","embeddable":true,"href":"https:\/\/orheifm.live\/index.php\/wp-json\/wp\/v2\/categories?post=65944"},{"taxonomy":"post_tag","embeddable":true,"href":"https:\/\/orheifm.live\/index.php\/wp-json\/wp\/v2\/tags?post=65944"}],"curies":[{"name":"wp","href":"https:\/\/api.w.org\/{rel}","templated":true}]}}