{"id":65938,"date":"2025-01-09T22:28:21","date_gmt":"2025-01-09T20:28:21","guid":{"rendered":"https:\/\/canal5.md\/?p=65938"},"modified":"2025-01-09T22:28:21","modified_gmt":"2025-01-09T20:28:21","slug":"ministerul-de-externe-al-moldovei-convoaca-insarcinatul-cu-afaceri-al-rusiei-in-urma-acuzatiilor-privind-criza-energetica-din-transnistria","status":"publish","type":"post","link":"https:\/\/orheifm.live\/index.php\/2025\/01\/09\/ministerul-de-externe-al-moldovei-convoaca-insarcinatul-cu-afaceri-al-rusiei-in-urma-acuzatiilor-privind-criza-energetica-din-transnistria\/","title":{"rendered":"Ministerul de Externe al Moldovei convoac\u0103 \u00eens\u0103rcinatul cu afaceri al Rusiei, \u00een urma acuza\u021biilor privind criza energetic\u0103 din Transnistria"},"content":{"rendered":"<p><strong>\u00cens\u0103rcinatul cu afaceri al Ambasadei Federa\u021biei Ruse \u00een Republica Moldova, Alexandr Andreev, a fost convocat \u00een dup\u0103-amiaza zilei de joi, 9 ianuarie, la sediul Ministerului de Externe \u00een leg\u0103tur\u0103 cu recentele acuza\u021bii potrivit c\u0103rora Moldova ar fi de vin\u0103 \u00een criza energetic\u0103 din st\u00e2nga Nistrului.<\/strong><br \/>\n<iframe loading=\"lazy\" title=\"YouTube video player\" src=\"https:\/\/www.youtube.com\/embed\/R9qmSFr7aRI?si=4blgBpsfJ310hCZm\" width=\"560\" height=\"315\" frameborder=\"0\" allowfullscreen=\"allowfullscreen\"><\/iframe><\/p>\n<p>\u00cen replica, MAE afirm\u0103 \u00eentr-un comunicat c\u0103 Moscova \u0219i Gazprom poart\u0103 responsabilitate pentru cele \u00eent\u00e2mplate, dar nu men\u021bioneaz\u0103 nimic despre Ucraina &#8211; cea care a refuzat tranzitul gazului rusesc pe teritoriul s\u0103u.<\/p>\n<p>\u00cen comunicatul emis, dup\u0103 \u00eentrevederea cu \u00eens\u0103rcinatul cu afaceri al Ambasadei Federa\u021biei Ruse \u00een Republica Moldova, Alexandr Andreev, Ministerul de Externe a subliniat responsabilitatea exclusiv\u0103 a Rusiei \u0219i Gazprom pentru criza energetic\u0103 din regiunea transnistrean\u0103.<\/p>\n<p>Diploma\u021bia moldoveneasc\u0103 nu a spus niciun cuv\u00e2nt despre refuzul ferm al Ucrainei de a prelungi contractul cu Gazprom pentru ca regiunea transnistrean\u0103 s\u0103 nu ajung\u0103 \u00een situa\u021bia \u00een care s-a pomenit.<\/p>\n<p>De asemenea, MAIEI nu a vorbit nimic despre faptul c\u0103 Chi\u0219in\u0103ul nici nu a \u00eencercat s\u0103 abordeze subiectul cu Kievul \u00een \u00eencercarea de a preveni criza produs\u0103 \u0219i nu a f\u0103cut niciun efort pentru a g\u0103si compromise cu Gazprom pe subiectul datoriilor.<\/p>\n<p>Ministerul a ad\u0103ugat \u00eens\u0103 \u00een nota sa oficial\u0103 c\u0103 declara\u021biile emisarilor ru\u0219i la Chi\u0219in\u0103u, care \u00eenvinuiesc Moldova de situa\u021bia creat\u0103, c\u0103 nu fac dec\u00e2t s\u0103 \u201dd\u0103uneze rela\u021biilor bilaterale \u0219i s\u0103 tensioneze situa\u021bia regional\u0103.\u201d La ie\u0219irea din sediul Ministerului Afacerilor Externe, \u00eens\u0103rcinatul cu afaceri al ambasadei ruse la Chi\u0219in\u0103u a refuzat s\u0103 ofere declara\u021bii cu privire la convocarea sa.<\/p>\n<p>refuza sa raspunda la intrebari<\/p>\n<p>&#8211; A\u021bi primit o not\u0103 de protest?<\/p>\n<p>&#8211; Scuza\u021bi, avem o \u00eentrebare!<\/p>\n<p>&#8211; Cer scuze, toate bune, nu putem discuta.<\/p>\n<p>&#8211; De ce nu dori\u021bi s\u0103 comenta\u021bi? &#8230;<\/p>\n<p>Amintim c\u0103 pe 6 ianuarie, Ministerul de Externe a convocat reprezentantul Rusiei la Chi\u0219in\u0103u, \u00een urma declara\u021biilor conform c\u0103rora Moldova, Ucraina \u0219i Occidentul sunt responsabile pentru criza energetic\u0103 din Transnistria. \u00cen replic\u0103, Chi\u0219in\u0103ul a respins acuza\u021biile, subliniind c\u0103 responsabilitatea revine exclusiv Rusiei.<\/p>\n","protected":false},"excerpt":{"rendered":"<p>\u00cens\u0103rcinatul cu afaceri al Ambasadei Federa\u021biei Ruse \u00een Republica Moldova, Alexandr Andreev, a fost convocat \u00een dup\u0103-amiaza zilei de joi, 9 ianuarie, la sediul Ministerului de Externe \u00een leg\u0103tur\u0103 cu recentele acuza\u021bii potrivit c\u0103rora Moldova ar fi de vin\u0103 \u00een criza energetic\u0103 din st\u00e2nga Nistrului. \u00cen replica, MAE afirm\u0103 \u00eentr-un comunicat c\u0103 Moscova \u0219i Gazprom [&hellip;]<\/p>\n","protected":false},"author":1,"featured_media":65940,"comment_status":"closed","ping_status":"closed","sticky":false,"template":"","format":"video","meta":{"jnews-multi-image_gallery":[],"jnews_single_post":[],"jnews_primary_category":[],"jnews_social_meta":[],"jnews_override_counter":[],"footnotes":""},"categories":[23],"tags":[],"class_list":["post-65938","post","type-post","status-publish","format-video","has-post-thumbnail","hentry","category-politica_ro","post_format-post-format-video"],"_links":{"self":[{"href":"https:\/\/orheifm.live\/index.php\/wp-json\/wp\/v2\/posts\/65938","targetHints":{"allow":["GET"]}}],"collection":[{"href":"https:\/\/orheifm.live\/index.php\/wp-json\/wp\/v2\/posts"}],"about":[{"href":"https:\/\/orheifm.live\/index.php\/wp-json\/wp\/v2\/types\/post"}],"author":[{"embeddable":true,"href":"https:\/\/orheifm.live\/index.php\/wp-json\/wp\/v2\/users\/1"}],"replies":[{"embeddable":true,"href":"https:\/\/orheifm.live\/index.php\/wp-json\/wp\/v2\/comments?post=65938"}],"version-history":[{"count":0,"href":"https:\/\/orheifm.live\/index.php\/wp-json\/wp\/v2\/posts\/65938\/revisions"}],"wp:featuredmedia":[{"embeddable":true,"href":"https:\/\/orheifm.live\/index.php\/wp-json\/wp\/v2\/media\/65940"}],"wp:attachment":[{"href":"https:\/\/orheifm.live\/index.php\/wp-json\/wp\/v2\/media?parent=65938"}],"wp:term":[{"taxonomy":"category","embeddable":true,"href":"https:\/\/orheifm.live\/index.php\/wp-json\/wp\/v2\/categories?post=65938"},{"taxonomy":"post_tag","embeddable":true,"href":"https:\/\/orheifm.live\/index.php\/wp-json\/wp\/v2\/tags?post=65938"}],"curies":[{"name":"wp","href":"https:\/\/api.w.org\/{rel}","templated":true}]}}