{"id":65934,"date":"2025-01-09T22:17:26","date_gmt":"2025-01-09T20:17:26","guid":{"rendered":"https:\/\/canal5.md\/?p=65934"},"modified":"2025-01-09T22:17:26","modified_gmt":"2025-01-09T20:17:26","slug":"disputa-chisinau-tiraspol-privind-ajutoarele-pentru-criza-energetica-tiraspolul-acuza-chisinaul-de-lipsa-de-initiative-concrete-iar-chisinaul-respinge-refuzul-transnistriei","status":"publish","type":"post","link":"https:\/\/orheifm.live\/index.php\/2025\/01\/09\/disputa-chisinau-tiraspol-privind-ajutoarele-pentru-criza-energetica-tiraspolul-acuza-chisinaul-de-lipsa-de-initiative-concrete-iar-chisinaul-respinge-refuzul-transnistriei\/","title":{"rendered":"Disputa Chi\u0219in\u0103u-Tiraspol privind ajutoarele pentru criza energetic\u0103: Tiraspolul acuz\u0103 Chi\u0219in\u0103ul de lips\u0103 de ini\u021biative concrete, iar Chi\u0219in\u0103ul respinge refuzul Transnistriei"},"content":{"rendered":"<p><strong>Chi\u0219in\u0103ul \u0219i Tiraspolul continu\u0103 disputa privind modul \u00een care au fost oferite ajutoarele pentru dep\u0103\u0219irea crizei energetice &#8211; cine \u0219i cum le-a refuzat. Partea transnistrean\u0103 a publicat coresponden\u021ba dintre viceprim-ministrul Moldovei pentru reintegrare, Oleg Serebrian, \u0219i reprezentantul politic al Transnistriei \u00een procesul de negociere, Vitalii Ignatiev, privind criza energetic\u0103. <\/strong><br \/>\n<iframe loading=\"lazy\" title=\"YouTube video player\" src=\"https:\/\/www.youtube.com\/embed\/ux3xO-Q_Pv0?si=y0k75ypPmfm6bXJK\" width=\"560\" height=\"315\" frameborder=\"0\" allowfullscreen=\"allowfullscreen\"><\/iframe><\/p>\n<p>Tiraspolul a declarat c\u0103 a decis s\u0103 demonstreze clar c\u0103 cei de la Chi\u0219in\u0103u nu au oferit nicio propunere concret\u0103 pentru dep\u0103\u0219irea situa\u021biei de criz\u0103 din regiune. \u00cen schimb, Chi\u0219in\u0103ul oficial afirm\u0103 c\u0103 anume Tiraspolul a refuzat sprijinul propus.<\/p>\n<p>Recent, \u00een cadrul unei emisiuni televizate, purt\u0103torul de cuv\u00e2nt al Guvernului, Daniel Vod\u0103, a prezentat \u0219i dat citirii unor fragmente dintr-o scrisoare trimis\u0103 de vicepremierul pentru reintegrare, Oleg Serebrian, Tiraspolului, pentru a demonstra c\u0103 autorit\u0103\u021bile de la Chi\u0219in\u0103u au propus ajutor Transnistriei pentru dep\u0103\u0219irea crizei energetice. Scrisoarea este din data de 11 decembrie 2024.<\/p>\n<p>DANIEL VOD\u0102, purt\u0103torul de cuv\u00e2nt al Guvernului<\/p>\n<p>Fi\u021bi aten\u021bi! Chi\u0219in\u0103ul este dispus s\u0103 ia \u00een considerare posibilitatea de a atrage resursele existente, precum \u0219i ajutorul oferit de partenerii interna\u021bionali, pentru a asigura nevoile concrete ale popula\u021biei vulnerabile, spitalelor, \u0219colilor \u0219i centrelor sociale, pentru a preveni evolu\u021bia negativ\u0103 a situa\u021biei.<\/p>\n<p>\u00cens\u0103, dup\u0103 cum a declarat \u0219eful serviciului de pres\u0103 al guvernului, Tiraspolul a refuzat orice form\u0103 de colaborare.<\/p>\n<p>DANIEL VOD\u0102, purt\u0103torul de cuv\u00e2nt al Guvernului<\/p>\n<p>\u00cen r\u0103spunsul trimis peste c\u00e2teva zile, la 16 decembrie, pe mai multe pagini, de aceast\u0103 dat\u0103, semnat\u0103 de domnul Igna\u021biev, se spune, printre altele: !!! RUS \u201eIngerin\u021ba \u00een afacerile interne \u0219i gestionarea crizei a partenerului de negocieri este absolut inacceptabil\u0103\u201d. !!! RO Cu alte cuvinte, ei refuz\u0103 orice form\u0103 de colaborare.<\/p>\n<p>Ulterior, partea transnistrean\u0103 a publicat at\u00e2t scrisoarea vicepremierului Oleg Serebrian din 11 decembrie, c\u00e2t \u0219i r\u0103spunsul lui Vitalii Ignatiev din 16 decembrie. Din coresponden\u021ba publicat\u0103 reiese c\u0103 purt\u0103torul de cuv\u00e2nt al guvernului, Daniel Vod\u0103, a schimbat oarecum accentele, c\u00e2nd a vorbit \u00een cadrul acelei emisiunii televizate.<\/p>\n<p>\u00cen scrisoarea sa din 11 decembrie 2024, Oleg Serebrian \u00eentr-adev\u0103r men\u021bioneaz\u0103 disponibilitatea Chi\u0219in\u0103ului de a ajuta la atenuarea efectelor negative ale crizei energetice pe ambele maluri ale Nistrului. Acest lucru este men\u021bionat \u00een dou\u0103 paragrafe, la sf\u00e2r\u0219itul mesajului. Cum anume ar putea ajuta Chi\u0219in\u0103ul, nu se spune.<\/p>\n<p>Totu\u0219i, \u00eentreaga scrisoare nu este dedicat\u0103 acestui subiect. Mai mult de jum\u0103tate din text este axat pe cererea de clarificare a necesit\u0103\u021bii introducerii st\u0103rii de urgen\u021b\u0103 economic\u0103 \u00een Transnistria \u00een contextul &#8211; cit\u0103m &#8211; &#8222;drepturilor \u0219i libert\u0103\u021bilor fundamentale ale cet\u0103\u021benilor&#8221;.<\/p>\n<p>\u201ePrintre drepturile care sunt men\u021bionate pe site-urile institu\u021biilor transnistrene: dreptul la munc\u0103, dreptul la grev\u0103, la odihn\u0103 \u0219i durata stabilit\u0103 a timpului de munc\u0103, dreptul proprietarului de a folosi \u0219i dispune de bunurile sale dup\u0103 bunul s\u0103u plac.<\/p>\n<p>\u00cen scopul protej\u0103rii drepturilor \u0219i libert\u0103\u021bilor fundamentale ale cet\u0103\u021benilor, solicit s\u0103 clarifica\u021bi esen\u021ba \u0219i oportunitatea restric\u021biilor anun\u021bate \u00een Transnistria \u00een domeniul drepturilor omului, totodat\u0103 solicit\u00e2nd s\u0103 se renun\u021be la m\u0103suri provocatoare \u0219i s\u0103 nu se permit\u0103 o nou\u0103 avalan\u0219\u0103 de \u00eenc\u0103lc\u0103ri&#8221;,\u00a0 se spune \u00een scrisoarea vicepremierului pentru reintegrare.<\/p>\n<p>SCRISOAREA VICEPREMIERULUI OLEG SEREBRIAN, DIN 11 DECEMBRIE 2024<\/p>\n<p>\u201ePrintre drepturile care sunt men\u021bionate pe site-urile institu\u021biilor transnistrene: dreptul la munc\u0103, dreptul la grev\u0103, la odihn\u0103 \u0219i durata stabilit\u0103 a timpului de munc\u0103, dreptul proprietarului de a folosi \u0219i dispune de bunurile sale dup\u0103 bunul s\u0103u plac.<\/p>\n<p>(\u2026) \u00cen scopul protej\u0103rii drepturilor \u0219i libert\u0103\u021bilor fundamentale ale cet\u0103\u021benilor, solicit s\u0103 clarifica\u021bi esen\u021ba \u0219i oportunitatea restric\u021biilor anun\u021bate \u00een Transnistria \u00een domeniul drepturilor omului, totodat\u0103 solicit\u00e2nd s\u0103 se renun\u021be la m\u0103suri provocatoare \u0219i s\u0103 nu se permit\u0103 o nou\u0103 avalan\u0219\u0103 de \u00eenc\u0103lc\u0103ri&#8221;\u201d.<\/p>\n<p>\u00cen r\u0103spunsul s\u0103u din 16 decembrie, \u0219eful a\u0219a-zisului minister de externe al Transnistriei, Vitali Ignatiev, afirm\u0103 c\u0103 introducerea st\u0103rii de urgen\u021b\u0103 economic\u0103 \u00een regiune este legat\u0103 de riscul unor evenimente de criz\u0103, dup\u0103 \u00eentreruperea livr\u0103rilor de gaze ruse\u0219ti, men\u021bion\u00e2nd c\u0103 &#8211; cit\u0103m &#8211; &#8222;Direc\u021bionarea unor scrisori de acest tip, care reprezint\u0103 o interven\u021bie incompetent\u0103 \u00een treburile interne \u0219i gestionarea crizei partenerului de negocieri, este absolut inacceptabil\u0103.&#8221;<\/p>\n<p>SCRISOAREA REPREZENTANTULUI POLITIC AL TRANSNISTRIEI \u00ceN PROCESUL DE NEGOCIERI, VITALII IGNATIEV, DIN 16 DECEMBRIE 2024<\/p>\n<p>\u201eDirec\u021bionarea unor scrisori de acest tip, care reprezint\u0103 o interven\u021bie incompetent\u0103 \u00een treburile interne \u0219i gestionarea crizei partenerului de negocieri, este absolut inacceptabil\u0103\u201d.<\/p>\n<p>Cu alte cuvinte, secven\u021ba citat\u0103 de purt\u0103torul de cuv\u00e2nt al guvernului, Daniel Vod\u0103, nu reprezint\u0103 refuzul Tiraspolului de a accepta ajutorul propus, ci este un r\u0103spuns la cerin\u021ba Chi\u0219in\u0103ului de a explica de ce Transnistria a instituit regimul de urgen\u021b\u0103 economic\u0103.<\/p>\n<p>\u00cen scrisoarea sa, Vitalii Ignatiev \u00eei aminte\u0219te colegului s\u0103u de la Chi\u0219in\u0103u c\u0103 Moldova de pe malul drept al Nistrului a instituit, de asemenea, regimul de urgen\u021b\u0103 \u00eenc\u0103 din 16 decembrie, care presupune o serie de restric\u021bii pentru cet\u0103\u021beni.<\/p>\n<p>\u201eAstfel, decizia conducerii Republicii Moldova reprezint\u0103 o \u00eenc\u0103lcare a dreptului cet\u0103\u021benilor de a avea acces la informa\u021bii, iar prevederile legii moldovene\u0219ti privind starea de urgen\u021b\u0103, de asediu \u0219i starea de r\u0103zboi, care reglementeaz\u0103 introducerea st\u0103rii de urgen\u021b\u0103, \u00eencalc\u0103 nu doar dreptul men\u021bionat de acces la informa\u021bii, ci \u0219i dreptul de a munci liber, dreptul la condi\u021bii de munc\u0103 echitabile \u0219i favorabile, precum \u0219i creeaz\u0103 temeiuri legale pentru apari\u021bia unor forme de munc\u0103 for\u021bat\u0103.<\/p>\n<p>\u00cen orice stat, adoptarea m\u0103surilor excep\u021bionale presupune un regim special de func\u021bionare a principalelor domenii ale vie\u021bii sociale, motiv pentru care dumneavoastr\u0103, \u00een calitate de membru al Guvernului, care de-a lungul mai multor ani a aplicat regimul de urgen\u021b\u0103, trebuie s\u0103 cunoa\u0219te\u021bi acest specific\u201d.<\/p>\n<p>\u201eAstfel, decizia conducerii Republicii Moldova reprezint\u0103 o \u00eenc\u0103lcare a dreptului cet\u0103\u021benilor de a avea acces la informa\u021bii, iar prevederile legii moldovene\u0219ti privind starea de urgen\u021b\u0103, de asediu \u0219i starea de r\u0103zboi, care reglementeaz\u0103 introducerea st\u0103rii de urgen\u021b\u0103, \u00eencalc\u0103 nu doar dreptul men\u021bionat de acces la informa\u021bii, ci \u0219i dreptul de a munci liber, dreptul la condi\u021bii de munc\u0103 echitabile \u0219i favorabile, precum \u0219i creeaz\u0103 temeiuri legale pentru apari\u021bia unor forme de munc\u0103 for\u021bat\u0103.<\/p>\n<p>\u00cen orice stat, adoptarea m\u0103surilor excep\u021bionale presupune un regim special de func\u021bionare a principalelor domenii ale vie\u021bii sociale, motiv pentru care dumneavoastr\u0103, \u00een calitate de membru al Guvernului, care de-a lungul mai multor ani a aplicat regimul de urgen\u021b\u0103, trebuie s\u0103 cunoa\u0219te\u021bi acest specific\u201d.<\/p>\n<p>Tiraspolul a explicat publicarea acestei coresponden\u021be prin &#8211; citez &#8211; \u201edemar\u0219ul secretarului de pres\u0103 al prim-ministrului Republicii Moldova, care a prezentat mass-mediei moldovene\u0219ti una dintre scrisori\u201d.<\/p>\n<p>De asemenea, scopul a fost declarat a fi acela de a ar\u0103ta c\u0103, citez, \u201epartea moldoveneasc\u0103 nu a venit niciodat\u0103 cu ini\u021biative concrete \u0219i realizabile privind prevenirea \u0219i dep\u0103\u0219irea consecin\u021belor negative ale crizei energetice din Transnistria\u201d. Iar cel mai bun ajutor pentru regiune ar putea fi anularea blocadei economice.<\/p>\n<p>\u00cen acest context, am solicitat un comentariu de la Biroul pentru Reintegrare, unde ni s-a r\u0103spuns c\u0103 nu au nimic de declarat pe marginea acestei probleme \u0219i c\u0103 pozi\u021bia oficial\u0103 a fost deja exprimat\u0103.<\/p>\n<p>Anterior, Biroul pentru Reintegrare a declarat c\u0103 la \u00eenceputul lunii decembrie 2024 Chi\u0219in\u0103ul a informat Tiraspolul despre disponibilitatea de a contribui la diminuarea consecin\u021belor negative pentru cet\u0103\u021benii de pe ambele maluri ale Nistrului \u00een cazul unei crize energetice, \u00eens\u0103 Tiraspolul a oferit &#8211; citez &#8211; \u201eun r\u0103spuns negativ cu o retoric\u0103 agresiv\u0103\u201d.<\/p>\n","protected":false},"excerpt":{"rendered":"<p>Chi\u0219in\u0103ul \u0219i Tiraspolul continu\u0103 disputa privind modul \u00een care au fost oferite ajutoarele pentru dep\u0103\u0219irea crizei energetice &#8211; cine \u0219i cum le-a refuzat. Partea transnistrean\u0103 a publicat coresponden\u021ba dintre viceprim-ministrul Moldovei pentru reintegrare, Oleg Serebrian, \u0219i reprezentantul politic al Transnistriei \u00een procesul de negociere, Vitalii Ignatiev, privind criza energetic\u0103. Tiraspolul a declarat c\u0103 a decis [&hellip;]<\/p>\n","protected":false},"author":1,"featured_media":66010,"comment_status":"closed","ping_status":"closed","sticky":false,"template":"","format":"video","meta":{"jnews-multi-image_gallery":[],"jnews_single_post":[],"jnews_primary_category":[],"jnews_social_meta":[],"jnews_override_counter":[],"footnotes":""},"categories":[23],"tags":[],"class_list":["post-65934","post","type-post","status-publish","format-video","has-post-thumbnail","hentry","category-politica_ro","post_format-post-format-video"],"_links":{"self":[{"href":"https:\/\/orheifm.live\/index.php\/wp-json\/wp\/v2\/posts\/65934","targetHints":{"allow":["GET"]}}],"collection":[{"href":"https:\/\/orheifm.live\/index.php\/wp-json\/wp\/v2\/posts"}],"about":[{"href":"https:\/\/orheifm.live\/index.php\/wp-json\/wp\/v2\/types\/post"}],"author":[{"embeddable":true,"href":"https:\/\/orheifm.live\/index.php\/wp-json\/wp\/v2\/users\/1"}],"replies":[{"embeddable":true,"href":"https:\/\/orheifm.live\/index.php\/wp-json\/wp\/v2\/comments?post=65934"}],"version-history":[{"count":0,"href":"https:\/\/orheifm.live\/index.php\/wp-json\/wp\/v2\/posts\/65934\/revisions"}],"wp:featuredmedia":[{"embeddable":true,"href":"https:\/\/orheifm.live\/index.php\/wp-json\/wp\/v2\/media\/66010"}],"wp:attachment":[{"href":"https:\/\/orheifm.live\/index.php\/wp-json\/wp\/v2\/media?parent=65934"}],"wp:term":[{"taxonomy":"category","embeddable":true,"href":"https:\/\/orheifm.live\/index.php\/wp-json\/wp\/v2\/categories?post=65934"},{"taxonomy":"post_tag","embeddable":true,"href":"https:\/\/orheifm.live\/index.php\/wp-json\/wp\/v2\/tags?post=65934"}],"curies":[{"name":"wp","href":"https:\/\/api.w.org\/{rel}","templated":true}]}}