{"id":65927,"date":"2025-01-09T22:14:27","date_gmt":"2025-01-09T20:14:27","guid":{"rendered":"https:\/\/canal5.md\/?p=65927"},"modified":"2025-01-09T22:14:27","modified_gmt":"2025-01-09T20:14:27","slug":"rusia-acuza-moldova-si-ucraina-pentru-criza-gazelor-din-transnistria-in-timp-ce-tiraspolul-refuza-gazele-europene-oferite-de-chisinau-video","status":"publish","type":"post","link":"https:\/\/orheifm.live\/index.php\/2025\/01\/09\/rusia-acuza-moldova-si-ucraina-pentru-criza-gazelor-din-transnistria-in-timp-ce-tiraspolul-refuza-gazele-europene-oferite-de-chisinau-video\/","title":{"rendered":"Rusia acuz\u0103 Moldova \u0219i Ucraina pentru criza gazelor din Transnistria, \u00een timp ce Tiraspolul refuz\u0103 gazele europene oferite de Chi\u0219in\u0103u | VIDEO"},"content":{"rendered":"<p><strong>Rusia a calificat situa\u021bia privind aprovizionarea cu gaze a regiunii transnistrene drept una \u201ecritic\u0103\u201d, declar\u00e2nd c\u0103 \u00eentreaga responsabilitate pentru aceasta este a Ucrainei \u0219i Republicii Moldova. Despre aceasta a declarat joi, 9 ianuarie, \u00een cadrul unui briefing de pres\u0103, purt\u0103torul de cuv\u00e2nt al liderului de la Kremlin, Dmitrii Pescov. <\/strong><br \/>\n<iframe loading=\"lazy\" title=\"YouTube video player\" src=\"https:\/\/www.youtube.com\/embed\/dUH7mmpVOW4?si=wly3TEoPywxB6JXG\" width=\"560\" height=\"315\" frameborder=\"0\" allowfullscreen=\"allowfullscreen\"><\/iframe><\/p>\n<p>El a precizat c\u0103 \u201etimp de mai mul\u021bi ani, Rusia a furnizat gaze naturale, din contul c\u0103rora, de fapt, a tr\u0103it Transnistria. Acum, din cauza deciziilor Ucrainei \u0219i ale autorit\u0103\u021bilor moldovene\u0219ti, Transnistria a fost privat\u0103 de aceast\u0103 oportunitate. Situa\u021bia este, \u00eentr- adev\u0103r, critic\u0103\u201d, a subliniat Pescov.<\/p>\n<p>Anterior, companiile moldovene\u0219ti Moldovagaz \u0219i Energocom s-au oferit s\u0103 ajute Transnistria s\u0103 cumpere gaze de pe pia\u021ba european\u0103 \u0219i s\u0103 le livreze pe malul st\u00e2ng al Nistrului.<\/p>\n<p>Cu toate acestea, reprezentan\u021bii companiei Tiraspoltransgaz au refuzat, spun\u00e2nd<br \/>\nc\u0103 \u201eacest gaz va fi unul prea scump\u201d \u0219i, prin urmare, Transnistria va a\u0219tepta reluarea livr\u0103rilor de gaze de la Gazprom.<\/p>\n<p>Pre\u0219edintele interimar al societ\u0103\u021bii pe ac\u021biuni Moldovagaz, Vadim Ceban, a confirmat pentru Canal 5 c\u0103 Tiraspoltransgaz a refuzat ajutorul oferit de Chi\u0219in\u0103u pentru aprovizionarea cu gaze de pe pie\u021bele europene.<\/p>\n<p>La r\u00e2ndul s\u0103u, liderul de la Tiraspol, Vadim Krasnoselski, a declarat c\u0103 \u201enu a primit nicio ofert\u0103 oficial\u0103 de asisten\u021b\u0103 din partea Chi\u0219in\u0103ului\u201d.<\/p>\n","protected":false},"excerpt":{"rendered":"<p>Rusia a calificat situa\u021bia privind aprovizionarea cu gaze a regiunii transnistrene drept una \u201ecritic\u0103\u201d, declar\u00e2nd c\u0103 \u00eentreaga responsabilitate pentru aceasta este a Ucrainei \u0219i Republicii Moldova. Despre aceasta a declarat joi, 9 ianuarie, \u00een cadrul unui briefing de pres\u0103, purt\u0103torul de cuv\u00e2nt al liderului de la Kremlin, Dmitrii Pescov. El a precizat c\u0103 \u201etimp de [&hellip;]<\/p>\n","protected":false},"author":1,"featured_media":65928,"comment_status":"closed","ping_status":"closed","sticky":false,"template":"","format":"video","meta":{"jnews-multi-image_gallery":[],"jnews_single_post":[],"jnews_primary_category":[],"jnews_social_meta":[],"jnews_override_counter":[],"footnotes":""},"categories":[23],"tags":[],"class_list":["post-65927","post","type-post","status-publish","format-video","has-post-thumbnail","hentry","category-politica_ro","post_format-post-format-video"],"_links":{"self":[{"href":"https:\/\/orheifm.live\/index.php\/wp-json\/wp\/v2\/posts\/65927","targetHints":{"allow":["GET"]}}],"collection":[{"href":"https:\/\/orheifm.live\/index.php\/wp-json\/wp\/v2\/posts"}],"about":[{"href":"https:\/\/orheifm.live\/index.php\/wp-json\/wp\/v2\/types\/post"}],"author":[{"embeddable":true,"href":"https:\/\/orheifm.live\/index.php\/wp-json\/wp\/v2\/users\/1"}],"replies":[{"embeddable":true,"href":"https:\/\/orheifm.live\/index.php\/wp-json\/wp\/v2\/comments?post=65927"}],"version-history":[{"count":0,"href":"https:\/\/orheifm.live\/index.php\/wp-json\/wp\/v2\/posts\/65927\/revisions"}],"wp:featuredmedia":[{"embeddable":true,"href":"https:\/\/orheifm.live\/index.php\/wp-json\/wp\/v2\/media\/65928"}],"wp:attachment":[{"href":"https:\/\/orheifm.live\/index.php\/wp-json\/wp\/v2\/media?parent=65927"}],"wp:term":[{"taxonomy":"category","embeddable":true,"href":"https:\/\/orheifm.live\/index.php\/wp-json\/wp\/v2\/categories?post=65927"},{"taxonomy":"post_tag","embeddable":true,"href":"https:\/\/orheifm.live\/index.php\/wp-json\/wp\/v2\/tags?post=65927"}],"curies":[{"name":"wp","href":"https:\/\/api.w.org\/{rel}","templated":true}]}}