{"id":65887,"date":"2025-01-09T17:40:02","date_gmt":"2025-01-09T15:40:02","guid":{"rendered":"https:\/\/canal5.md\/?p=65887"},"modified":"2025-01-09T17:40:02","modified_gmt":"2025-01-09T15:40:02","slug":"tinerii-recruti-ai-armatei-nationale-au-depus-astazi-juramantul-militar-in-chisinau","status":"publish","type":"post","link":"https:\/\/orheifm.live\/index.php\/2025\/01\/09\/tinerii-recruti-ai-armatei-nationale-au-depus-astazi-juramantul-militar-in-chisinau\/","title":{"rendered":"Tinerii recru\u021bi ai Armatei Na\u021bionale au depus ast\u0103zi jur\u0103m\u00e2ntul militar \u00een Chi\u0219in\u0103u"},"content":{"rendered":"<p><strong>Peste 250 de tineri \u00eencorpora\u021bi \u00een Armata Na\u021bional\u0103 au depus ast\u0103zi jur\u0103m\u00e2ntul militar, \u00eentr-o serie de ceremonii organizate \u00een unit\u0103\u021bile din garnizoana Chi\u0219in\u0103u. <\/strong><\/p>\n<p>La evenimentul ce a avut loc \u00een cadrul Regimentului de Stat Major \u201eGeneral de brigad\u0103 Nicolae Petric\u0103\u201d, comandantul Armatei Na\u021bionale, general de brigad\u0103 Vitalie Micov, le-a adresat tinerilor felicit\u0103ri cu ocazia acestui moment important, subliniind c\u0103, pe parcursul unui an, ace\u0219tia vor urma un program de instruire pentru a-\u0219i dezvolta abilit\u0103\u021bi profesionale, utile \u00een cadrul exerci\u021biilor \u0219i pe poligoanele militare.<\/p>\n<p>De asemenea, generalul Micov a apreciat presta\u021bia tinerilor \u00een cadrul ceremoniei \u0219i a mul\u021bumit p\u0103rin\u021bilor \u0219i rudelor pentru sus\u021binerea \u0219i \u00eencrederea acordat\u0103. \u00cenainte de depunerea jur\u0103m\u00e2ntului, tinerii au fost preg\u0103ti\u021bi \u00een cadrul unui Curs de instruire ini\u021bial\u0103, \u00een cadrul c\u0103ruia s-au familiarizat cu programul zilnic, au studiat regulamentele militare, au \u00eenv\u0103\u021bat elemente de instruc\u021bie de front \u0219i au dob\u00e2ndit cuno\u0219tin\u021be despre caracteristicile tehnico-tactice ale armamentului folosit de Armata Na\u021bional\u0103.<\/p>\n<p>Tinerii care au depus jur\u0103m\u00e2ntul ast\u0103zi au fost \u00eencorpora\u021bi \u00een luna decembrie 2024. Dup\u0103 ceremonie, ace\u0219tia vor beneficia de cinci zile de concediu, urm\u00e2nd ca ulterior s\u0103 revin\u0103 \u00een unit\u0103\u021bi pentru continuarea serviciului militar \u00een termen.<\/p>\n","protected":false},"excerpt":{"rendered":"<p>Peste 250 de tineri \u00eencorpora\u021bi \u00een Armata Na\u021bional\u0103 au depus ast\u0103zi jur\u0103m\u00e2ntul militar, \u00eentr-o serie de ceremonii organizate \u00een unit\u0103\u021bile din garnizoana Chi\u0219in\u0103u. La evenimentul ce a avut loc \u00een cadrul Regimentului de Stat Major \u201eGeneral de brigad\u0103 Nicolae Petric\u0103\u201d, comandantul Armatei Na\u021bionale, general de brigad\u0103 Vitalie Micov, le-a adresat tinerilor felicit\u0103ri cu ocazia acestui [&hellip;]<\/p>\n","protected":false},"author":1,"featured_media":65888,"comment_status":"closed","ping_status":"closed","sticky":false,"template":"","format":"standard","meta":{"jnews-multi-image_gallery":[],"jnews_single_post":[],"jnews_primary_category":[],"jnews_social_meta":[],"jnews_override_counter":[],"footnotes":""},"categories":[23],"tags":[],"class_list":["post-65887","post","type-post","status-publish","format-standard","has-post-thumbnail","hentry","category-politica_ro"],"_links":{"self":[{"href":"https:\/\/orheifm.live\/index.php\/wp-json\/wp\/v2\/posts\/65887","targetHints":{"allow":["GET"]}}],"collection":[{"href":"https:\/\/orheifm.live\/index.php\/wp-json\/wp\/v2\/posts"}],"about":[{"href":"https:\/\/orheifm.live\/index.php\/wp-json\/wp\/v2\/types\/post"}],"author":[{"embeddable":true,"href":"https:\/\/orheifm.live\/index.php\/wp-json\/wp\/v2\/users\/1"}],"replies":[{"embeddable":true,"href":"https:\/\/orheifm.live\/index.php\/wp-json\/wp\/v2\/comments?post=65887"}],"version-history":[{"count":0,"href":"https:\/\/orheifm.live\/index.php\/wp-json\/wp\/v2\/posts\/65887\/revisions"}],"wp:featuredmedia":[{"embeddable":true,"href":"https:\/\/orheifm.live\/index.php\/wp-json\/wp\/v2\/media\/65888"}],"wp:attachment":[{"href":"https:\/\/orheifm.live\/index.php\/wp-json\/wp\/v2\/media?parent=65887"}],"wp:term":[{"taxonomy":"category","embeddable":true,"href":"https:\/\/orheifm.live\/index.php\/wp-json\/wp\/v2\/categories?post=65887"},{"taxonomy":"post_tag","embeddable":true,"href":"https:\/\/orheifm.live\/index.php\/wp-json\/wp\/v2\/tags?post=65887"}],"curies":[{"name":"wp","href":"https:\/\/api.w.org\/{rel}","templated":true}]}}