{"id":65187,"date":"2025-01-07T13:00:55","date_gmt":"2025-01-07T11:00:55","guid":{"rendered":"https:\/\/canal5.md\/?p=65187"},"modified":"2025-01-07T13:00:55","modified_gmt":"2025-01-07T11:00:55","slug":"barbat-retinut-pentru-ultraj-dupa-un-conflict-cu-politia-in-singerei","status":"publish","type":"post","link":"https:\/\/orheifm.live\/index.php\/2025\/01\/07\/barbat-retinut-pentru-ultraj-dupa-un-conflict-cu-politia-in-singerei\/","title":{"rendered":"B\u0103rbat re\u021binut pentru ultraj dup\u0103 un conflict cu poli\u021bia \u00een S\u00eengerei"},"content":{"rendered":"<p><strong>Un b\u0103rbat este cercetat penal dup\u0103 ce, \u00een noaptea de 5 ianuarie, a intrat \u00eentr-un conflict cu un echipaj de poli\u021bie. <\/strong><\/p>\n<p>Incidentul a avut loc pe strada Independen\u021bei din ora\u0219ul S\u00eengerei, \u00een jurul orei 23:00. Individul, \u00een v\u00e2rst\u0103 de 30 de ani, i-a insultat \u0219i agresat pe doi poli\u021bi\u0219ti afla\u021bi \u00een misiune, iar ulterior a fost re\u021binut \u0219i dus la inspectorat pentru a fi documentat.<\/p>\n<p>Pe numele s\u0103u a fost deschis un dosar penal pentru ultraj.<\/p>\n","protected":false},"excerpt":{"rendered":"<p>Un b\u0103rbat este cercetat penal dup\u0103 ce, \u00een noaptea de 5 ianuarie, a intrat \u00eentr-un conflict cu un echipaj de poli\u021bie. Incidentul a avut loc pe strada Independen\u021bei din ora\u0219ul S\u00eengerei, \u00een jurul orei 23:00. Individul, \u00een v\u00e2rst\u0103 de 30 de ani, i-a insultat \u0219i agresat pe doi poli\u021bi\u0219ti afla\u021bi \u00een misiune, iar ulterior a [&hellip;]<\/p>\n","protected":false},"author":1,"featured_media":65196,"comment_status":"closed","ping_status":"closed","sticky":false,"template":"","format":"standard","meta":{"jnews-multi-image_gallery":[],"jnews_single_post":[],"jnews_primary_category":[],"jnews_social_meta":[],"jnews_override_counter":[],"footnotes":""},"categories":[30],"tags":[],"class_list":["post-65187","post","type-post","status-publish","format-standard","has-post-thumbnail","hentry","category-social_ro"],"_links":{"self":[{"href":"https:\/\/orheifm.live\/index.php\/wp-json\/wp\/v2\/posts\/65187","targetHints":{"allow":["GET"]}}],"collection":[{"href":"https:\/\/orheifm.live\/index.php\/wp-json\/wp\/v2\/posts"}],"about":[{"href":"https:\/\/orheifm.live\/index.php\/wp-json\/wp\/v2\/types\/post"}],"author":[{"embeddable":true,"href":"https:\/\/orheifm.live\/index.php\/wp-json\/wp\/v2\/users\/1"}],"replies":[{"embeddable":true,"href":"https:\/\/orheifm.live\/index.php\/wp-json\/wp\/v2\/comments?post=65187"}],"version-history":[{"count":0,"href":"https:\/\/orheifm.live\/index.php\/wp-json\/wp\/v2\/posts\/65187\/revisions"}],"wp:featuredmedia":[{"embeddable":true,"href":"https:\/\/orheifm.live\/index.php\/wp-json\/wp\/v2\/media\/65196"}],"wp:attachment":[{"href":"https:\/\/orheifm.live\/index.php\/wp-json\/wp\/v2\/media?parent=65187"}],"wp:term":[{"taxonomy":"category","embeddable":true,"href":"https:\/\/orheifm.live\/index.php\/wp-json\/wp\/v2\/categories?post=65187"},{"taxonomy":"post_tag","embeddable":true,"href":"https:\/\/orheifm.live\/index.php\/wp-json\/wp\/v2\/tags?post=65187"}],"curies":[{"name":"wp","href":"https:\/\/api.w.org\/{rel}","templated":true}]}}