{"id":64336,"date":"2025-01-03T17:40:13","date_gmt":"2025-01-03T15:40:13","guid":{"rendered":"https:\/\/canal5.md\/?p=64336"},"modified":"2025-01-03T17:40:13","modified_gmt":"2025-01-03T15:40:13","slug":"omor-in-raionul-falesti-un-barbat-de-38-de-ani-si-a-ucis-tatal-intr-o-altercatie","status":"publish","type":"post","link":"https:\/\/orheifm.live\/index.php\/2025\/01\/03\/omor-in-raionul-falesti-un-barbat-de-38-de-ani-si-a-ucis-tatal-intr-o-altercatie\/","title":{"rendered":"Omor \u00een raionul F\u0103le\u0219ti: Un b\u0103rbat de 38 de ani \u0219i-a ucis tat\u0103l \u00eentr-o alterca\u021bie"},"content":{"rendered":"<p><strong>Procuratura raionului F\u0103le\u0219ti anun\u021b\u0103 c\u0103 a finalizat urm\u0103rirea penal\u0103 \u0219i a expediat \u00een instan\u021ba de judecat\u0103 o cauz\u0103 penal\u0103, \u00een privin\u021ba unui b\u0103rbat de 38 de ani, \u00eenvinuit de omorul tat\u0103lui s\u0103u.<\/strong><\/p>\n<p>Procurorii i-au \u00eenaintat acuzarea pe faptul c\u0103, \u00eenvinuitul, la 25 octombrie 2024, afl\u00e2ndu-se la domiciliul s\u0103u din raionul F\u0103le\u015fti, a ini\u0163iat un conflict cu tat\u0103l s\u0103u. \u00cen urma alterca\u021biilor, i-a aplicat multiple lovituri cu pumnii \u0219i picioarele \u00een regiunile vitale ale corpului, preponderent a capului \u0219i a toracelui, de la care, la scurt timp, a survenit decesul victimei.<\/p>\n<p>\u00cenvinuitul a pledat nevinovat. Acesta a declarat c\u0103 altcineva l-ar fi maltratat pe tat\u0103l s\u0103u, dar nu cunoa\u0219te cine putea s\u0103 o fac\u0103. Totodat\u0103, a relatat c\u0103 anterior a fost sanc\u021bionat contraven\u021bional \u0219i penal pentru c\u0103 avuse alterca\u021bii \u0219i b\u0103t\u0103i cu tat\u0103l s\u0103u.<\/p>\n<p>Dac\u0103 va fi g\u0103sit vinovat, \u00eenvinuitul risc\u0103 o pedeaps\u0103 maxim\u0103 sub form\u0103 de \u00eenchisoare de p\u00e2n\u0103 la 20 de ani sau deten\u021biune pe via\u021b\u0103.<\/p>\n","protected":false},"excerpt":{"rendered":"<p>Procuratura raionului F\u0103le\u0219ti anun\u021b\u0103 c\u0103 a finalizat urm\u0103rirea penal\u0103 \u0219i a expediat \u00een instan\u021ba de judecat\u0103 o cauz\u0103 penal\u0103, \u00een privin\u021ba unui b\u0103rbat de 38 de ani, \u00eenvinuit de omorul tat\u0103lui s\u0103u. Procurorii i-au \u00eenaintat acuzarea pe faptul c\u0103, \u00eenvinuitul, la 25 octombrie 2024, afl\u00e2ndu-se la domiciliul s\u0103u din raionul F\u0103le\u015fti, a ini\u0163iat un conflict [&hellip;]<\/p>\n","protected":false},"author":1,"featured_media":64337,"comment_status":"closed","ping_status":"closed","sticky":false,"template":"","format":"standard","meta":{"jnews-multi-image_gallery":[],"jnews_single_post":[],"jnews_primary_category":[],"jnews_social_meta":[],"jnews_override_counter":[],"footnotes":""},"categories":[30],"tags":[],"class_list":["post-64336","post","type-post","status-publish","format-standard","has-post-thumbnail","hentry","category-social_ro"],"_links":{"self":[{"href":"https:\/\/orheifm.live\/index.php\/wp-json\/wp\/v2\/posts\/64336","targetHints":{"allow":["GET"]}}],"collection":[{"href":"https:\/\/orheifm.live\/index.php\/wp-json\/wp\/v2\/posts"}],"about":[{"href":"https:\/\/orheifm.live\/index.php\/wp-json\/wp\/v2\/types\/post"}],"author":[{"embeddable":true,"href":"https:\/\/orheifm.live\/index.php\/wp-json\/wp\/v2\/users\/1"}],"replies":[{"embeddable":true,"href":"https:\/\/orheifm.live\/index.php\/wp-json\/wp\/v2\/comments?post=64336"}],"version-history":[{"count":0,"href":"https:\/\/orheifm.live\/index.php\/wp-json\/wp\/v2\/posts\/64336\/revisions"}],"wp:featuredmedia":[{"embeddable":true,"href":"https:\/\/orheifm.live\/index.php\/wp-json\/wp\/v2\/media\/64337"}],"wp:attachment":[{"href":"https:\/\/orheifm.live\/index.php\/wp-json\/wp\/v2\/media?parent=64336"}],"wp:term":[{"taxonomy":"category","embeddable":true,"href":"https:\/\/orheifm.live\/index.php\/wp-json\/wp\/v2\/categories?post=64336"},{"taxonomy":"post_tag","embeddable":true,"href":"https:\/\/orheifm.live\/index.php\/wp-json\/wp\/v2\/tags?post=64336"}],"curies":[{"name":"wp","href":"https:\/\/api.w.org\/{rel}","templated":true}]}}