{"id":64318,"date":"2025-01-03T17:00:15","date_gmt":"2025-01-03T15:00:15","guid":{"rendered":"https:\/\/canal5.md\/?p=64318"},"modified":"2025-01-13T12:59:27","modified_gmt":"2025-01-13T10:59:27","slug":"un-barbat-din-orhei-depistat-baut-la-volan-concentratie-de-alcool-de-1-24-mg-l","status":"publish","type":"post","link":"https:\/\/orheifm.live\/index.php\/2025\/01\/03\/un-barbat-din-orhei-depistat-baut-la-volan-concentratie-de-alcool-de-1-24-mg-l\/","title":{"rendered":"Un b\u0103rbat din Orhei, depistat b\u0103ut la volan: Concentra\u021bie de alcool de 1,24 mg\/l"},"content":{"rendered":"<p><strong>Poli\u021bi\u0219tii din Orhei au oprit, \u00een noaptea trecut\u0103, un BMW care circula neregulat pe drum. \u00cen urma verific\u0103rilor, a fost stabilit c\u0103 \u0219oferul, un b\u0103rbat de 32 de ani din acela\u0219i raion, se afla \u00een stare de ebrietate.<\/strong><br \/>\n<iframe loading=\"lazy\" style=\"border: none; overflow: hidden;\" src=\"https:\/\/www.facebook.com\/plugins\/video.php?height=314&amp;href=https%3A%2F%2Fwww.facebook.com%2Fpolitiarepubliciimoldova%2Fvideos%2F608862048168443%2F&amp;show_text=false&amp;width=560&amp;t=0\" width=\"560\" height=\"314\" frameborder=\"0\" scrolling=\"no\" allowfullscreen=\"allowfullscreen\"><\/iframe><br \/>\nTestarea cu aparatul DRAGER a relevat o concentra\u021bie de 1,24 mg\/l de alcool \u00een aerul expirat, mult peste limita legal\u0103. Vehiculul a fost dus la parcarea special\u0103, iar \u0219oferul este cercetat penal pentru \u00eenc\u0103lcarea legisla\u021biei rutiere.<\/p>\n<p>Inspectoratul de Poli\u021bie Orhei continu\u0103 s\u0103 desf\u0103\u0219oare ac\u021biuni pentru prevenirea \u0219i combaterea infrac\u021biunilor care pun \u00een pericol siguran\u021ba rutier\u0103, conform unui comunicat al IGP.<\/p>\n","protected":false},"excerpt":{"rendered":"<p>Poli\u021bi\u0219tii din Orhei au oprit, \u00een noaptea trecut\u0103, un BMW care circula neregulat pe drum. \u00cen urma verific\u0103rilor, a fost stabilit c\u0103 \u0219oferul, un b\u0103rbat de 32 de ani din acela\u0219i raion, se afla \u00een stare de ebrietate. Testarea cu aparatul DRAGER a relevat o concentra\u021bie de 1,24 mg\/l de alcool \u00een aerul expirat, mult [&hellip;]<\/p>\n","protected":false},"author":1,"featured_media":64320,"comment_status":"closed","ping_status":"closed","sticky":false,"template":"","format":"standard","meta":{"jnews-multi-image_gallery":[],"jnews_single_post":[],"jnews_primary_category":[],"jnews_social_meta":[],"jnews_override_counter":[],"footnotes":""},"categories":[30],"tags":[],"class_list":["post-64318","post","type-post","status-publish","format-standard","has-post-thumbnail","hentry","category-social_ro"],"_links":{"self":[{"href":"https:\/\/orheifm.live\/index.php\/wp-json\/wp\/v2\/posts\/64318","targetHints":{"allow":["GET"]}}],"collection":[{"href":"https:\/\/orheifm.live\/index.php\/wp-json\/wp\/v2\/posts"}],"about":[{"href":"https:\/\/orheifm.live\/index.php\/wp-json\/wp\/v2\/types\/post"}],"author":[{"embeddable":true,"href":"https:\/\/orheifm.live\/index.php\/wp-json\/wp\/v2\/users\/1"}],"replies":[{"embeddable":true,"href":"https:\/\/orheifm.live\/index.php\/wp-json\/wp\/v2\/comments?post=64318"}],"version-history":[{"count":1,"href":"https:\/\/orheifm.live\/index.php\/wp-json\/wp\/v2\/posts\/64318\/revisions"}],"predecessor-version":[{"id":66288,"href":"https:\/\/orheifm.live\/index.php\/wp-json\/wp\/v2\/posts\/64318\/revisions\/66288"}],"wp:featuredmedia":[{"embeddable":true,"href":"https:\/\/orheifm.live\/index.php\/wp-json\/wp\/v2\/media\/64320"}],"wp:attachment":[{"href":"https:\/\/orheifm.live\/index.php\/wp-json\/wp\/v2\/media?parent=64318"}],"wp:term":[{"taxonomy":"category","embeddable":true,"href":"https:\/\/orheifm.live\/index.php\/wp-json\/wp\/v2\/categories?post=64318"},{"taxonomy":"post_tag","embeddable":true,"href":"https:\/\/orheifm.live\/index.php\/wp-json\/wp\/v2\/tags?post=64318"}],"curies":[{"name":"wp","href":"https:\/\/api.w.org\/{rel}","templated":true}]}}