{"id":64315,"date":"2025-01-03T16:40:25","date_gmt":"2025-01-03T14:40:25","guid":{"rendered":"https:\/\/canal5.md\/?p=64315"},"modified":"2025-01-03T16:40:25","modified_gmt":"2025-01-03T14:40:25","slug":"moldovean-cercetat-in-italia-pentru-agresiune-grava-asupra-unui-proprietar-de-bar","status":"publish","type":"post","link":"https:\/\/orheifm.live\/index.php\/2025\/01\/03\/moldovean-cercetat-in-italia-pentru-agresiune-grava-asupra-unui-proprietar-de-bar\/","title":{"rendered":"Moldovean cercetat \u00een Italia pentru agresiune grav\u0103 asupra unui proprietar de bar"},"content":{"rendered":"<p><strong>Un t\u00e2n\u0103r din Republica Moldova este cercetat penal \u00een Italia dup\u0103 ce a agresat proprietarul unui bar din ora\u0219ul Bordighera, iar acesta a fost transportat la spital \u00een stare grav\u0103. Incidentul a avut loc \u00een noaptea de Revelion.<\/strong><\/p>\n<p>Potrivit presei italiene, moldoveanul se afla \u00eentr-un bar cu prietenii c\u00e2nd, din motive \u00eenc\u0103 neclare, a izbucnit o ceart\u0103 \u00eentre el \u0219i proprietarul localului. La un moment dat, t\u00e2n\u0103rul i-a aplicat o lovitur\u0103 b\u0103rbatului de 47 de ani, iar acesta a c\u0103zut \u0219i s-a lovit cu capul de podea.<\/p>\n<p>Medicii au fost solicita\u021bi imediat, iar victima a fost transportat\u0103 cu elicopterul la spital, unde a fost supus\u0103 unei interven\u021bii chirurgicale de urgen\u021b\u0103. \u00cen prezent, b\u0103rbatul se afl\u0103 \u00een com\u0103, internat \u00een Sec\u021bia de terapie intensiv\u0103.<\/p>\n<p>Con\u0219tient de gravitatea faptei sale, moldoveanul s-a predat autorit\u0103\u021bilor \u0219i le-a prezentat propria versiune a evenimentelor, sus\u021bin\u00e2nd c\u0103 a ac\u021bionat pentru a se ap\u0103ra. Cu toate acestea, \u00een urma incidentului a fost deschis un dosar pentru v\u0103t\u0103m\u0103ri corporale grave.<\/p>\n<p>Ancheta este \u00een desf\u0103\u0219urare pentru a stabili toate circumstan\u021bele care au dus la acest incident.<\/p>\n","protected":false},"excerpt":{"rendered":"<p>Un t\u00e2n\u0103r din Republica Moldova este cercetat penal \u00een Italia dup\u0103 ce a agresat proprietarul unui bar din ora\u0219ul Bordighera, iar acesta a fost transportat la spital \u00een stare grav\u0103. Incidentul a avut loc \u00een noaptea de Revelion. Potrivit presei italiene, moldoveanul se afla \u00eentr-un bar cu prietenii c\u00e2nd, din motive \u00eenc\u0103 neclare, a izbucnit [&hellip;]<\/p>\n","protected":false},"author":1,"featured_media":64316,"comment_status":"closed","ping_status":"closed","sticky":false,"template":"","format":"standard","meta":{"jnews-multi-image_gallery":[],"jnews_single_post":[],"jnews_primary_category":[],"jnews_social_meta":[],"jnews_override_counter":[],"footnotes":""},"categories":[29,30],"tags":[],"class_list":["post-64315","post","type-post","status-publish","format-standard","has-post-thumbnail","hentry","category-externe_ro","category-social_ro"],"_links":{"self":[{"href":"https:\/\/orheifm.live\/index.php\/wp-json\/wp\/v2\/posts\/64315","targetHints":{"allow":["GET"]}}],"collection":[{"href":"https:\/\/orheifm.live\/index.php\/wp-json\/wp\/v2\/posts"}],"about":[{"href":"https:\/\/orheifm.live\/index.php\/wp-json\/wp\/v2\/types\/post"}],"author":[{"embeddable":true,"href":"https:\/\/orheifm.live\/index.php\/wp-json\/wp\/v2\/users\/1"}],"replies":[{"embeddable":true,"href":"https:\/\/orheifm.live\/index.php\/wp-json\/wp\/v2\/comments?post=64315"}],"version-history":[{"count":0,"href":"https:\/\/orheifm.live\/index.php\/wp-json\/wp\/v2\/posts\/64315\/revisions"}],"wp:featuredmedia":[{"embeddable":true,"href":"https:\/\/orheifm.live\/index.php\/wp-json\/wp\/v2\/media\/64316"}],"wp:attachment":[{"href":"https:\/\/orheifm.live\/index.php\/wp-json\/wp\/v2\/media?parent=64315"}],"wp:term":[{"taxonomy":"category","embeddable":true,"href":"https:\/\/orheifm.live\/index.php\/wp-json\/wp\/v2\/categories?post=64315"},{"taxonomy":"post_tag","embeddable":true,"href":"https:\/\/orheifm.live\/index.php\/wp-json\/wp\/v2\/tags?post=64315"}],"curies":[{"name":"wp","href":"https:\/\/api.w.org\/{rel}","templated":true}]}}