{"id":63550,"date":"2025-01-01T10:40:45","date_gmt":"2025-01-01T08:40:45","guid":{"rendered":"https:\/\/canal5.md\/?p=63550"},"modified":"2025-01-01T10:40:45","modified_gmt":"2025-01-01T08:40:45","slug":"un-tanar-si-a-pierdut-viata-dupa-o-cadere-de-la-etajul-superior-al-unui-bloc-de-locuinte","status":"publish","type":"post","link":"https:\/\/orheifm.live\/index.php\/2025\/01\/01\/un-tanar-si-a-pierdut-viata-dupa-o-cadere-de-la-etajul-superior-al-unui-bloc-de-locuinte\/","title":{"rendered":"Un t\u00e2n\u0103r \u0219i-a pierdut via\u021ba dup\u0103 o c\u0103dere de la etajul superior al unui bloc de locuin\u021be"},"content":{"rendered":"<p><strong>Un t\u00e2n\u0103r a murit \u00een urma unei tragedii petrecute \u00een aceast\u0103 diminea\u021b\u0103, pe strada Nicolae Testemi\u021banu din capital\u0103.<\/strong><\/p>\n<p>Se pare c\u0103 acesta s-ar fi pr\u0103bu\u0219it de la etajul superior al unui bloc de locuin\u021be. Incidentul s-a \u00eent\u00e2mplat \u00een jurul orei 07:40, iar autorit\u0103\u021bile au fost alertate imediat.<\/p>\n<p>Din p\u0103cate, t\u00e2n\u0103rul nu a supravie\u021buit c\u0103derii, iar circumstan\u021bele exacte ale tragediei sunt \u00eenc\u0103 \u00een investigare. Poli\u021bia \u0219i echipele de urgen\u021b\u0103 se afl\u0103 la fa\u021ba locului.<\/p>\n","protected":false},"excerpt":{"rendered":"<p>Un t\u00e2n\u0103r a murit \u00een urma unei tragedii petrecute \u00een aceast\u0103 diminea\u021b\u0103, pe strada Nicolae Testemi\u021banu din capital\u0103. Se pare c\u0103 acesta s-ar fi pr\u0103bu\u0219it de la etajul superior al unui bloc de locuin\u021be. Incidentul s-a \u00eent\u00e2mplat \u00een jurul orei 07:40, iar autorit\u0103\u021bile au fost alertate imediat. Din p\u0103cate, t\u00e2n\u0103rul nu a supravie\u021buit c\u0103derii, iar [&hellip;]<\/p>\n","protected":false},"author":1,"featured_media":63551,"comment_status":"closed","ping_status":"closed","sticky":false,"template":"","format":"standard","meta":{"jnews-multi-image_gallery":[],"jnews_single_post":[],"jnews_primary_category":[],"jnews_social_meta":[],"jnews_override_counter":[],"footnotes":""},"categories":[30],"tags":[],"class_list":["post-63550","post","type-post","status-publish","format-standard","has-post-thumbnail","hentry","category-social_ro"],"_links":{"self":[{"href":"https:\/\/orheifm.live\/index.php\/wp-json\/wp\/v2\/posts\/63550","targetHints":{"allow":["GET"]}}],"collection":[{"href":"https:\/\/orheifm.live\/index.php\/wp-json\/wp\/v2\/posts"}],"about":[{"href":"https:\/\/orheifm.live\/index.php\/wp-json\/wp\/v2\/types\/post"}],"author":[{"embeddable":true,"href":"https:\/\/orheifm.live\/index.php\/wp-json\/wp\/v2\/users\/1"}],"replies":[{"embeddable":true,"href":"https:\/\/orheifm.live\/index.php\/wp-json\/wp\/v2\/comments?post=63550"}],"version-history":[{"count":0,"href":"https:\/\/orheifm.live\/index.php\/wp-json\/wp\/v2\/posts\/63550\/revisions"}],"wp:featuredmedia":[{"embeddable":true,"href":"https:\/\/orheifm.live\/index.php\/wp-json\/wp\/v2\/media\/63551"}],"wp:attachment":[{"href":"https:\/\/orheifm.live\/index.php\/wp-json\/wp\/v2\/media?parent=63550"}],"wp:term":[{"taxonomy":"category","embeddable":true,"href":"https:\/\/orheifm.live\/index.php\/wp-json\/wp\/v2\/categories?post=63550"},{"taxonomy":"post_tag","embeddable":true,"href":"https:\/\/orheifm.live\/index.php\/wp-json\/wp\/v2\/tags?post=63550"}],"curies":[{"name":"wp","href":"https:\/\/api.w.org\/{rel}","templated":true}]}}